{"id":23627,"date":"2018-08-25T19:29:44","date_gmt":"2018-08-25T17:29:44","guid":{"rendered":"http:\/\/www.messinaoggi.it\/website\/?p=23627"},"modified":"2018-08-25T19:29:44","modified_gmt":"2018-08-25T17:29:44","slug":"nave-diciotti-sbarcati-sedici-migranti-malati-venti-andranno-in-albania","status":"publish","type":"post","link":"https:\/\/www.messinaoggi.it\/website\/2018\/08\/25\/nave-diciotti-sbarcati-sedici-migranti-malati-venti-andranno-in-albania\/","title":{"rendered":"Nave Diciotti: sbarcati sedici migranti malati. Venti andranno in Albania"},"content":{"rendered":"<p style=\"text-align: justify;\">Sono in totale 12, sei uomini e sei donne, i migranti scesi dalla nave della Guardia Costiera Diciotti per &#8216;emergenza medica&#8217;. Altre Cinque donne si sono rifiutate di sbarcare e ricevere assistenza sanitaria in ospedale perch\u00e9 a bordo hanno i loro compagni che non vogliono lasciare.<div id=\"div-gpt-ad-Messinaoggi.it-DSK-300x250-corpoart\" style=\"text-align:center;margin:0 auto;\"><\/div><\/p>\n<p style=\"text-align: justify;\"><img loading=\"lazy\" class=\"size-medium wp-image-23625 alignright\" src=\"http:\/\/www.messinaoggi.it\/website\/wp-content\/uploads\/2018\/08\/2A05D1F9-0616-41B7-855E-E9E9C61B87E9-300x199.jpeg\" alt=\"\" width=\"300\" height=\"199\" \/><div id=\"videoincontent\" style=\"clear:both\";><\/div><\/p>\n<p style=\"text-align: justify;\"><strong>Venti Migranti in Albania<\/strong><\/p>\n<p style=\"text-align: justify;\">&#8220;Il ministro degli Affari Esteri Enzo Moavero Milanesi ringrazia l&#8217;Albania per la decisione di accogliere 20 profughi della nave DICIOTTI. Un segnale di grande solidarieta&#8217; e amicizia molto apprezzato dall&#8217;Italia&#8221;. Cosi&#8217; la Farnesina su Twitter.<\/p>\n<p style=\"text-align: justify;\"><strong>Salvini: &#8220;Meschino pm se la prendano con funzionari&#8221;<\/strong><\/p>\n<p style=\"text-align: justify;\">Se devono indagare o interrogare qualcuno vengano direttamente dal ministro che \u00e8 colui che ha dato disposizioni. Mi sembra meschino andare a prendersela con dei funzionari quando c&#8217;\u00e8 un ministro e vicepresidente del Consiglio che si fa carico pienamente della responsabilit\u00e0 di dire no quando bisogna dire no. E se non avessimo detto questi no non avremmo il calo degli sbarchi che abbiamo avuto e le Ong finalmente fuori dai piedi&#8221;. Lo ha detto il ministro dell&#8217;Interno, Matteo Salvini, riferendosi ai funzionari del Viminale sentiti dal procuratore di Agrigento sulla vicenda della nave Diciotti, nel corso di una conferenza stampa a Margine della festa della Lega a Pinzolo, trasmessa da RaiNews24.<\/p>\n<p><img loading=\"lazy\" class=\"alignnone size-medium wp-image-23622\" src=\"http:\/\/www.messinaoggi.it\/website\/wp-content\/uploads\/2018\/08\/2D30F98C-AAC0-4877-8834-352905F76B55-300x199.jpeg\" alt=\"\" width=\"300\" height=\"199\" \/><\/p>\n<p style=\"text-align: right;\"><strong>Foto di Alessio Villari<\/strong><\/p>\n","protected":false},"excerpt":{"rendered":"<p>Sono in totale 12, sei uomini e sei donne, i migranti scesi dalla nave della Guardia Costiera Diciotti per &#8216;emergenza medica&#8217;. Altre Cinque donne si sono rifiutate di sbarcare e ricevere assistenza sanitaria in ospedale perch\u00e9 a bordo hanno i loro compagni che non vogliono lasciare. Venti Migranti in Albania &#8220;Il ministro degli Affari Esteri [&hellip;]<\/p>\n","protected":false},"author":2,"featured_media":23623,"comment_status":"closed","ping_status":"open","sticky":false,"template":"","format":"standard","meta":{"ub_ctt_via":"","_mi_skip_tracking":false},"categories":[11],"tags":[],"featured_image_src":"https:\/\/www.messinaoggi.it\/website\/wp-content\/uploads\/2018\/08\/CFDB4021-A23D-42E2-BE88-7E7461C92C35-1.jpeg","author_info":{"display_name":"Redazione","author_link":"https:\/\/www.messinaoggi.it\/website\/author\/redazione\/"},"digistream_id":0,"digistream":false,"_links":{"self":[{"href":"https:\/\/www.messinaoggi.it\/website\/wp-json\/wp\/v2\/posts\/23627"}],"collection":[{"href":"https:\/\/www.messinaoggi.it\/website\/wp-json\/wp\/v2\/posts"}],"about":[{"href":"https:\/\/www.messinaoggi.it\/website\/wp-json\/wp\/v2\/types\/post"}],"author":[{"embeddable":true,"href":"https:\/\/www.messinaoggi.it\/website\/wp-json\/wp\/v2\/users\/2"}],"replies":[{"embeddable":true,"href":"https:\/\/www.messinaoggi.it\/website\/wp-json\/wp\/v2\/comments?post=23627"}],"version-history":[{"count":0,"href":"https:\/\/www.messinaoggi.it\/website\/wp-json\/wp\/v2\/posts\/23627\/revisions"}],"wp:featuredmedia":[{"embeddable":true,"href":"https:\/\/www.messinaoggi.it\/website\/wp-json\/wp\/v2\/media\/23623"}],"wp:attachment":[{"href":"https:\/\/www.messinaoggi.it\/website\/wp-json\/wp\/v2\/media?parent=23627"}],"wp:term":[{"taxonomy":"category","embeddable":true,"href":"https:\/\/www.messinaoggi.it\/website\/wp-json\/wp\/v2\/categories?post=23627"},{"taxonomy":"post_tag","embeddable":true,"href":"https:\/\/www.messinaoggi.it\/website\/wp-json\/wp\/v2\/tags?post=23627"}],"curies":[{"name":"wp","href":"https:\/\/api.w.org\/{rel}","templated":true}]}}