{"id":23589,"date":"2018-08-25T10:44:37","date_gmt":"2018-08-25T08:44:37","guid":{"rendered":"http:\/\/www.messinaoggi.it\/website\/?p=23589"},"modified":"2018-08-25T10:44:37","modified_gmt":"2018-08-25T08:44:37","slug":"le-prospettive-dei-giovani-al-centro-di-un-dibattito-in-fiera","status":"publish","type":"post","link":"https:\/\/www.messinaoggi.it\/website\/2018\/08\/25\/le-prospettive-dei-giovani-al-centro-di-un-dibattito-in-fiera\/","title":{"rendered":"Le prospettive dei giovani al centro di un dibattito in Fiera"},"content":{"rendered":"<p style=\"text-align: justify;\">Alla Fiera si \u00e8 tenuto un dibattito-conferenza sul tema: <strong><em>I giovani a Messina: prospettive a confronto<\/em><\/strong>. L\u2019incontro \u00e8 stato moderato da <strong>Vittorio Lorenzo Tumeo<\/strong>, mentre le tematiche sono state affrontate da <strong>Albert Finocchiaro<\/strong> e <strong>Alberto Arbuse<\/strong>, gi\u00e0 rappresentanti, rispettivamente, dei Licei Archimede e Maurolico presso la <strong>Consulta Provinciale degli Studenti<\/strong>.<div id=\"div-gpt-ad-Messinaoggi.it-DSK-300x250-corpoart\" style=\"text-align:center;margin:0 auto;\"><\/div><\/p>\n<p style=\"text-align: justify;\">I tre giovani, attivamente impegnati in politica, attenti e assai sensibili alle situazioni che il territorio vive, hanno parlato soprattutto di futuro. Vittorio Tumeo, nell\u2019introdurre i lavori del convegno ha affermato che: \u201c<strong>positivit\u00e0 deve essere la parola chiave per guardare al futuro di Messina, ma questo sentimento, che pu\u00f2 partire da ogni messinese, risiede soprattutto nei giovani<\/strong>, che hanno ancora un fresco entusiasmo e sono pieni di sogni; agli adulti, che forniscono una valutazione empirica, il compito di aiutare noi giovani mettendo a disposizione il loro bagaglio di esperienze, sulla scorta delle quali \u00e8 possibile, se si vuole, corroborare il sogno e il grande progetto di rinascita per la citt\u00e0 dello Stretto\u201d. Sia Finocchiaro che Arbuse hanno arricchito di spunti il dibattito commentando la propria attivit\u00e0 in consulta e sensibilizzando l\u2019uditorio sulle necessit\u00e0 e le carenze che il sistema scolastico presenta. Si \u00e8 parlato di temi molto attuali, come l\u2019<strong>alternanza scuola-lavoro<\/strong>, l\u2019urgenza di una <strong>legge regionale per il diritto allo studio applicabile<\/strong> ed efficace.<div id=\"videoincontent\" style=\"clear:both\";><\/div><\/p>\n<p style=\"text-align: justify;\">Il dibattito \u00e8 stato molto serrato con i giovani ospiti che si sono confrontati in un acceso e coinvolgente botta-risposta su temi anche strettamente legati al territorio: si \u00e8 parlato anche della questione relativa alla <strong>riapertura delle scuole<\/strong>, verso cui il Sindaco Metropolitano manifesta perplessit\u00e0 in relazione alle notevoli carenze strutturali di alcuni istituti, che non possono essere di certo ignorate; al contempo l\u2019Assessore Regionale all\u2019Istruzione e Formazione Roberto Lagalla ha dichiarato che le lezioni partiranno nei tempi previsti dal protocollo.<\/p>\n<p style=\"text-align: justify;\">Una situazione delicata, nei confronti della quale i ragazzi non hanno preso una posizione radicale, consapevoli dei fattori di sicurezza imprescindibili ma anche della necessit\u00e0 di rispettare i tempi curriculari. Un evento costruttivo, ricco di spunti e di diversit\u00e0 d\u2019opinioni che hanno prodotto un vivace e lodevole confronto con formule risolutive felici. Tumeo e Arbuse saranno, per l\u2019Anno Accademico entrante, matricole del dipartimento di Giurisprudenza dell\u2019Universit\u00e0 degli Studi di Messina, Finocchiaro completer\u00e0 l\u2019ultimo anno di studi sempre all\u2019Archimede, non sottraendosi, come da lui stesso dichiarato alle prospettive elettorali studentesche per l\u2019anno scolastico che verr\u00e0, lasciando presagire anche un rinnovato impegno in Consulta Provinciale, dove ha gi\u00e0 ricoperto il ruolo di Responsabile della zona Messina citt\u00e0\/centro. Giovani speranze per la citt\u00e0 di Messina.<\/p>\n","protected":false},"excerpt":{"rendered":"<p>Alla Fiera si \u00e8 tenuto un dibattito-conferenza sul tema: I giovani a Messina: prospettive a confronto. L\u2019incontro \u00e8 stato moderato da Vittorio Lorenzo Tumeo, mentre le tematiche sono state affrontate da Albert Finocchiaro e Alberto Arbuse, gi\u00e0 rappresentanti, rispettivamente, dei Licei Archimede e Maurolico presso la Consulta Provinciale degli Studenti. I tre giovani, attivamente impegnati [&hellip;]<\/p>\n","protected":false},"author":2,"featured_media":23590,"comment_status":"closed","ping_status":"open","sticky":false,"template":"","format":"standard","meta":{"ub_ctt_via":"","_mi_skip_tracking":false},"categories":[5],"tags":[],"featured_image_src":"https:\/\/www.messinaoggi.it\/website\/wp-content\/uploads\/2018\/08\/FOTO-CONVEGNO-2.jpg","author_info":{"display_name":"Redazione","author_link":"https:\/\/www.messinaoggi.it\/website\/author\/redazione\/"},"digistream_id":0,"digistream":false,"_links":{"self":[{"href":"https:\/\/www.messinaoggi.it\/website\/wp-json\/wp\/v2\/posts\/23589"}],"collection":[{"href":"https:\/\/www.messinaoggi.it\/website\/wp-json\/wp\/v2\/posts"}],"about":[{"href":"https:\/\/www.messinaoggi.it\/website\/wp-json\/wp\/v2\/types\/post"}],"author":[{"embeddable":true,"href":"https:\/\/www.messinaoggi.it\/website\/wp-json\/wp\/v2\/users\/2"}],"replies":[{"embeddable":true,"href":"https:\/\/www.messinaoggi.it\/website\/wp-json\/wp\/v2\/comments?post=23589"}],"version-history":[{"count":0,"href":"https:\/\/www.messinaoggi.it\/website\/wp-json\/wp\/v2\/posts\/23589\/revisions"}],"wp:featuredmedia":[{"embeddable":true,"href":"https:\/\/www.messinaoggi.it\/website\/wp-json\/wp\/v2\/media\/23590"}],"wp:attachment":[{"href":"https:\/\/www.messinaoggi.it\/website\/wp-json\/wp\/v2\/media?parent=23589"}],"wp:term":[{"taxonomy":"category","embeddable":true,"href":"https:\/\/www.messinaoggi.it\/website\/wp-json\/wp\/v2\/categories?post=23589"},{"taxonomy":"post_tag","embeddable":true,"href":"https:\/\/www.messinaoggi.it\/website\/wp-json\/wp\/v2\/tags?post=23589"}],"curies":[{"name":"wp","href":"https:\/\/api.w.org\/{rel}","templated":true}]}}