{"id":235771,"date":"2025-04-14T14:23:47","date_gmt":"2025-04-14T12:23:47","guid":{"rendered":"http:\/\/www.messinaoggi.it\/website\/?p=235771"},"modified":"2025-04-14T14:23:53","modified_gmt":"2025-04-14T12:23:53","slug":"incontro-tra-vogliamo-lacqua-dal-rubinetto-e-asp-messina-non-e-potabile","status":"publish","type":"post","link":"https:\/\/www.messinaoggi.it\/website\/2025\/04\/14\/incontro-tra-vogliamo-lacqua-dal-rubinetto-e-asp-messina-non-e-potabile\/","title":{"rendered":"Incontro tra &#8220;Vogliamo l&#8217;acqua dal rubinetto&#8221; e Asp Messina, &#8220;non \u00e8 potabile&#8221;"},"content":{"rendered":"\n<p>Mercoled\u00ec scorso, il <strong>Comitato <em>&#8220;Vogliamo l&#8217;acqua dal rubinetto!&#8221;<\/em><\/strong> ha incontrato i rappresentanti dell\u2019ASP della citt\u00e0 dello stretto per discutere le questioni sollevate nel proprio &#8220;Dossier acqua a Messina&#8221;, presentato il 22 Marzo scorso alla stampa e consegnato con questo incontro formalmente anche all\u2019Azienda Sanitaria. <div id=\"div-gpt-ad-Messinaoggi.it-DSK-300x250-corpoart\" style=\"text-align:center;margin:0 auto;\"><\/div><\/p>\n\n\n\n<p>L&#8217;ASP ha confermato che l&#8217;acqua a Messina non \u00e8 potabile, fino al completamento dei lavori di messa in sicurezza dei pozzi collegati a Settembre scorso, che saranno eseguiti da AMAM e dal Comune.<div id=\"videoincontent\" style=\"clear:both\";><\/div><\/p>\n\n\n\n<p>Solo a quel punto l\u2019ASP potr\u00e0 effettuare i controlli finali ed esprimere un giudizio di idoneit\u00e0. Inoltre, ci \u00e8 stata comunicata la notizia che l\u2019ASP valuter\u00e0 solo tre dei cinque pozzi originari, poich\u00e9 i due di Briga sono stati chiusi, e ci chiediamo come mai e da quando sono stati chiusi. Lavori di sicurezza troppo complicati? Acqua non sicura o contaminata? <\/p>\n\n\n\n<p>Quindi, durante l\u2019incontro, il Comitato ha ribadito la richiesta di trasparenza sui dati, in particolare ha chiesto:<\/p>\n\n\n\n<p>\u2022 Monitoraggi precedenti all\u2019ordinanza del 5 Settembre;<\/p>\n\n\n\n<p>\u2022 Risultati dei controlli periodici effettuati dall\u2019ASP in citt\u00e0.<\/p>\n\n\n\n<p>Sono stati inoltre sollevati interrogativi e critiche sul caso arsenico nelle zone di Nizza e Contesse, su cui l\u2019ASP per\u00f2 ha precisato di non essere coinvolta nelle indagini.<\/p>\n\n\n\n<p>&#8220;L\u2019incontro ha confermato &#8211; dicono dal Comitato &#8211; nonostante le rassicurazioni dell\u2019ASP sulla qualit\u00e0 dell\u2019acqua erogata nella nostra citt\u00e0, le criticit\u00e0 gestionali e i ritardi che coinvolgono tutti gli attori istituzionali, a partire dall\u2019attuale Amministrazione comunale.<\/p>\n\n\n\n<p>Infatti, se l\u2019ASP ha il ruolo tecnico di vigilanza, spetta invece al Comune e ad AMAM, sotto la responsabilit\u00e0 politica del Sindaco Federico Basile e in qualit\u00e0 anche di massima autorit\u00e0 sanitaria cittadina, garantire interventi tempestivi e informazioni chiare alla popolazione&#8221;. <\/p>\n\n\n\n<p>&#8220;L\u2019assenza di un piano definito per risolvere l\u2019emergenza, e la mancata pubblicazione dei dati completi, lasciano irrisolte preoccupazioni legittime su un servizio essenziale e sollevano dubbi concreti sull\u2019efficacia dell\u2019azione politica&#8221; continuano. <\/p>\n\n\n\n<p>Il Comitato ha ribadito che proseguir\u00e0 nella mobilitazione e nell\u2019analisi dei dati raccolti, presenter\u00e0 una nuova richiesta di accesso agli atti all\u2019ASP, e continuer\u00e0 a chiedere conto a tutte le istituzioni coinvolte degli impegni disattesi, con l\u2019obiettivo di una gestione pubblica, trasparente e sicura del servizio idrico nella nostra citt\u00e0.<\/p>\n\n\n\n<p>&#8220;In questo contesto, l&#8217;esistenza di un Comitato spontaneo, nato dal basso, costituito da persone libere, si rivela essenziale per garantire che i diritti di tutte e di tutti siano tutelati e rispettati. La voce della comunit\u00e0, organizzata e attiva, pu\u00f2 esercitare una forma di pressione positiva sui decisori istituzionali, contribuendo a una gestione pi\u00f9 responsabile e attenta alle esigenze collettive. La partecipazione attiva della cittadinanza \u00e8 quindi fondamentale per promuovere una governance efficace e sensibile alle problematiche locali. Anche per questo le assemblee del Comitato sono pubbliche ed aperte a chiunque voglia parteciparvi, si svolgono periodicamente, e le date sono decise insieme e comunicate nella nostra pagina facebook&#8221; conclude il Comitato. <\/p>\n","protected":false},"excerpt":{"rendered":"<p>Mercoled\u00ec scorso, il Comitato &#8220;Vogliamo l&#8217;acqua dal rubinetto!&#8221; ha incontrato i rappresentanti dell\u2019ASP della citt\u00e0 dello stretto per discutere le questioni sollevate nel proprio &#8220;Dossier acqua a Messina&#8221;, presentato il 22 Marzo scorso alla stampa e consegnato con questo incontro formalmente anche all\u2019Azienda Sanitaria. L&#8217;ASP ha confermato che l&#8217;acqua a Messina non \u00e8 potabile, fino [&hellip;]<\/p>\n","protected":false},"author":15,"featured_media":152421,"comment_status":"open","ping_status":"open","sticky":false,"template":"","format":"standard","meta":{"ub_ctt_via":"","_mi_skip_tracking":false},"categories":[4,6],"tags":[95,8313,40,10737],"featured_image_src":"https:\/\/www.messinaoggi.it\/website\/wp-content\/uploads\/2023\/04\/acqua-rubinetto-3-2-420x252-1.jpg","author_info":{"display_name":"red.me","author_link":"https:\/\/www.messinaoggi.it\/website\/author\/red-me\/"},"digistream_id":0,"digistream":false,"_links":{"self":[{"href":"https:\/\/www.messinaoggi.it\/website\/wp-json\/wp\/v2\/posts\/235771"}],"collection":[{"href":"https:\/\/www.messinaoggi.it\/website\/wp-json\/wp\/v2\/posts"}],"about":[{"href":"https:\/\/www.messinaoggi.it\/website\/wp-json\/wp\/v2\/types\/post"}],"author":[{"embeddable":true,"href":"https:\/\/www.messinaoggi.it\/website\/wp-json\/wp\/v2\/users\/15"}],"replies":[{"embeddable":true,"href":"https:\/\/www.messinaoggi.it\/website\/wp-json\/wp\/v2\/comments?post=235771"}],"version-history":[{"count":4,"href":"https:\/\/www.messinaoggi.it\/website\/wp-json\/wp\/v2\/posts\/235771\/revisions"}],"predecessor-version":[{"id":235775,"href":"https:\/\/www.messinaoggi.it\/website\/wp-json\/wp\/v2\/posts\/235771\/revisions\/235775"}],"wp:featuredmedia":[{"embeddable":true,"href":"https:\/\/www.messinaoggi.it\/website\/wp-json\/wp\/v2\/media\/152421"}],"wp:attachment":[{"href":"https:\/\/www.messinaoggi.it\/website\/wp-json\/wp\/v2\/media?parent=235771"}],"wp:term":[{"taxonomy":"category","embeddable":true,"href":"https:\/\/www.messinaoggi.it\/website\/wp-json\/wp\/v2\/categories?post=235771"},{"taxonomy":"post_tag","embeddable":true,"href":"https:\/\/www.messinaoggi.it\/website\/wp-json\/wp\/v2\/tags?post=235771"}],"curies":[{"name":"wp","href":"https:\/\/api.w.org\/{rel}","templated":true}]}}