{"id":23549,"date":"2018-08-24T12:07:20","date_gmt":"2018-08-24T10:07:20","guid":{"rendered":"http:\/\/www.messinaoggi.it\/website\/?p=23549"},"modified":"2018-08-24T12:07:20","modified_gmt":"2018-08-24T10:07:20","slug":"risanamento-gioveni-dipartimento-urge-di-un-potenziamento-del-personale","status":"publish","type":"post","link":"https:\/\/www.messinaoggi.it\/website\/2018\/08\/24\/risanamento-gioveni-dipartimento-urge-di-un-potenziamento-del-personale\/","title":{"rendered":"Risanamento, Gioveni: &#039;Dipartimento urge di un potenziamento del personale&#039;"},"content":{"rendered":"<p>\u201c<span style=\"font-family: Arial, sans-serif\"><span lang=\"it-IT\"><em>Non ci potranno essere ordinanze sindacali o Agenzie del Risanamento che tengano che possano accelerare lo sbaraccamento nella nostra citt\u00e0 se il Dipartimento politiche della casa di Palazzo Zanca continuer\u00e0 a rimanere cos\u00ec paurosamente depotenziato<\/em>\u201d. E&#8217; quanto afferma l&#8217;esponente Pd in Consiglio comunale, <strong>Libero Gioveni<\/strong>, circa le condizioni in cui versa in termini di numerosit\u00e0 del personale uno dei Dipartimenti pi\u00f9 importanti di Palazzo Zanca.<\/span><\/span><br \/>\n<span style=\"font-family: Arial, sans-serif\"><span lang=\"it-IT\">&#8220;<em>Dopo il trasferimento 4 mesi fa di un funzionario al Dipartimento cimiteri<\/em> \u2013 spiega Gioveni \u2013<em> in organico per le procedure di assegnazione sono rimaste adesso di fatto (tolta la figura di un\u2019assistente sociale che si occupa di altre incombenze) solo 2 persone che in questo periodo si devono occupare, fra le altre cose, di completare la tanto attesa graduatoria dei 46 alloggi di Camaro Sottomontagna e quella dei 50 alloggi dell\u2019Annunziata, che come \u00e8 noto implicano tanta attenzione per le peculiarit\u00e0 e i requisiti anagrafici e territoriali degli aventi diritto.<\/em><br \/>\n&#8220;<em>Nonostante ci\u00f2 il sindaco De Luca ha chiesto legittimamente agli uffici delle relazioni complete sul censimento di tutti gli ambiti\u00a0in relazione all\u2019ordinanza emessa, che certamente ha rallentato ulteriormente questi due adempimenti amministrativi a cui, per altro, se ne devono aggiungere altri due di cui nessuno parla: la graduatoria relativa al bando per la mobilit\u00e0\u00a0negli alloggi popolari (il primo in assoluto varato nella storia del Comune di Messina) e la tanto attesa graduatoria del bando per l\u2019emergenza abitativa, varato dopo 5 anni dall\u2019ultimo e scaduto il 28 maggio scorso, sulla quale ancora, appunto, il Dipartimento non ha messo mani.\u00a0Senza considerare anche altre delicate incombenze amministrative, come quella della valutazione delle istanze volte ad ottenere i trasferimenti di residenza nelle zone di Risanamento, che necessitano esperienza nel settore ed attenzione.<\/em><\/span><\/span><br \/>\n<span style=\"font-family: Arial, sans-serif\"><span lang=\"it-IT\">&#8220;<em>Davvero impensabile, quindi che questa enorme mole di lavoro, delicatissima per i destinatari, possa essere gestita in cos\u00ec poco tempo da un cos\u00ec numero ridottissimo di dipendenti!\u00a0<\/em><\/span><\/span><span style=\"font-family: Arial, sans-serif\"><span lang=\"it-IT\"><em>Pertanto, la richiesta al sindaco De Luca, che detiene anche la delega al personale, non pu\u00f2 che essere quella di implementare immediatamente l\u2019organico del Dipartimento per la definizione di questi importanti atti amministrativi, altrimenti le buone intenzioni del primo cittadino in tema di Risanamento rischiano davvero di essere vanificate<\/em>&#8220;. <\/span><\/span><div id=\"div-gpt-ad-Messinaoggi.it-DSK-300x250-corpoart\" style=\"text-align:center;margin:0 auto;\"><\/div><\/p>\n<div id=\"videoincontent\" style=\"clear:both\";><\/div>","protected":false},"excerpt":{"rendered":"<p>\u201cNon ci potranno essere ordinanze sindacali o Agenzie del Risanamento che tengano che possano accelerare lo sbaraccamento nella nostra citt\u00e0 se il Dipartimento politiche della casa di Palazzo Zanca continuer\u00e0 a rimanere cos\u00ec paurosamente depotenziato\u201d. E&#8217; quanto afferma l&#8217;esponente Pd in Consiglio comunale, Libero Gioveni, circa le condizioni in cui versa in termini di numerosit\u00e0 [&hellip;]<\/p>\n","protected":false},"author":8,"featured_media":23000,"comment_status":"closed","ping_status":"open","sticky":false,"template":"","format":"standard","meta":{"ub_ctt_via":"","_mi_skip_tracking":false},"categories":[4],"tags":[],"featured_image_src":"https:\/\/www.messinaoggi.it\/website\/wp-content\/uploads\/2018\/08\/gioveni-1.jpg","author_info":{"display_name":"red..me","author_link":"https:\/\/www.messinaoggi.it\/website\/author\/redstage\/"},"digistream_id":0,"digistream":false,"_links":{"self":[{"href":"https:\/\/www.messinaoggi.it\/website\/wp-json\/wp\/v2\/posts\/23549"}],"collection":[{"href":"https:\/\/www.messinaoggi.it\/website\/wp-json\/wp\/v2\/posts"}],"about":[{"href":"https:\/\/www.messinaoggi.it\/website\/wp-json\/wp\/v2\/types\/post"}],"author":[{"embeddable":true,"href":"https:\/\/www.messinaoggi.it\/website\/wp-json\/wp\/v2\/users\/8"}],"replies":[{"embeddable":true,"href":"https:\/\/www.messinaoggi.it\/website\/wp-json\/wp\/v2\/comments?post=23549"}],"version-history":[{"count":0,"href":"https:\/\/www.messinaoggi.it\/website\/wp-json\/wp\/v2\/posts\/23549\/revisions"}],"wp:featuredmedia":[{"embeddable":true,"href":"https:\/\/www.messinaoggi.it\/website\/wp-json\/wp\/v2\/media\/23000"}],"wp:attachment":[{"href":"https:\/\/www.messinaoggi.it\/website\/wp-json\/wp\/v2\/media?parent=23549"}],"wp:term":[{"taxonomy":"category","embeddable":true,"href":"https:\/\/www.messinaoggi.it\/website\/wp-json\/wp\/v2\/categories?post=23549"},{"taxonomy":"post_tag","embeddable":true,"href":"https:\/\/www.messinaoggi.it\/website\/wp-json\/wp\/v2\/tags?post=23549"}],"curies":[{"name":"wp","href":"https:\/\/api.w.org\/{rel}","templated":true}]}}