{"id":23547,"date":"2018-08-24T11:46:34","date_gmt":"2018-08-24T09:46:34","guid":{"rendered":"http:\/\/www.messinaoggi.it\/website\/?p=23547"},"modified":"2018-08-24T11:46:34","modified_gmt":"2018-08-24T09:46:34","slug":"nave-diciotti-micciche-salvini-sei-uno-str","status":"publish","type":"post","link":"https:\/\/www.messinaoggi.it\/website\/2018\/08\/24\/nave-diciotti-micciche-salvini-sei-uno-str\/","title":{"rendered":"Nave Diciotti, Miccich\u00e8: &quot;Salvini sei uno str&#8230;&quot;"},"content":{"rendered":"<p style=\"text-align: justify\"><span style=\"font-family: Arial, sans-serif\"><span style=\"font-size: medium\"><span lang=\"it-IT\"><b>Continua lo scontro istituzionale<\/b><\/span><\/span><\/span><span style=\"font-family: Arial, sans-serif\"><span style=\"font-size: medium\"><span lang=\"it-IT\"> intavolato dal vicepremier e ministro dell&#8217;Interno <\/span><\/span><\/span><span style=\"font-family: Arial, sans-serif\"><span style=\"font-size: medium\"><span lang=\"it-IT\">Matteo Salvini <\/span><\/span><\/span><span style=\"font-family: Arial, sans-serif\"><span style=\"font-size: medium\"><span lang=\"it-IT\">a seguito della sua controversa decisione di bloccare nel porto di Catania la nave militare italiana Diciotti con a bordo attualmente appena 150 migranti che, stando alle rilevazioni condotte all&#8217;interno del natante dal procuratore di Agrigento Luigi Patronaggio, versano in condizioni a dir poco pessime: \u201c<\/span><\/span><\/span><span style=\"color: #303030\"><span style=\"font-family: Arial, sans-serif\"><span style=\"font-size: medium\">La situazione a bordo \u00e8 critica. Ci sono diversi casi di scabbia<\/span><\/span><\/span><span style=\"color: #303030\"><span style=\"font-family: Arial, sans-serif\"><span style=\"font-size: medium\"><span lang=\"it-IT\">\u201d, ha affermato Patronaggio dopo aver ispezionato la nave, decidendo conseguentemente di aprire un&#8217;indagine, al momento a carico di ignoti, per sequestro di persona.<\/span><\/span><\/span><\/span><div id=\"div-gpt-ad-Messinaoggi.it-DSK-300x250-corpoart\" style=\"text-align:center;margin:0 auto;\"><\/div><\/p>\n<p style=\"text-align: justify\"><span style=\"color: #303030\">\u201c<span style=\"font-family: Arial, sans-serif\"><span style=\"font-size: medium\"><span lang=\"it-IT\"><b>Salvini non sei razzista: sei solo stronzo\u201d.<\/b><\/span><\/span><\/span><\/span><span style=\"color: #303030\"><span style=\"font-family: Arial, sans-serif\"><span style=\"font-size: medium\"><span lang=\"it-IT\"> Non usa mezzi termini il Presidente dell&#8217;Ars <\/span><\/span><\/span><\/span><span style=\"color: #303030\"><span style=\"font-family: Arial, sans-serif\"><span style=\"font-size: medium\"><span lang=\"it-IT\"><b>Gianfranco Miccich\u00e8<\/b><\/span><\/span><\/span><\/span><span style=\"color: #303030\"><span style=\"font-family: Arial, sans-serif\"><span style=\"font-size: medium\"><span lang=\"it-IT\">, il quale a margine di una lunga riflessione in un post su Facebook apostrofa in malo modo il segretario della Lega: \u201c<\/span><\/span><\/span><\/span><span style=\"color: #303030\"><span style=\"font-family: Arial, sans-serif\"><span style=\"font-size: medium\"><span lang=\"it-IT\">Matteo Salvini <\/span><\/span><\/span><\/span><span style=\"color: #1d2129\"><span style=\"font-family: Arial, sans-serif\"><span style=\"font-size: medium\"><span lang=\"it-IT\">dici di non temere l&#8217;intervento del Presidente della Repubblica, quello del Primo Ministro, o quello di un Procuratore.<\/span><\/span><\/span><\/span> <span style=\"color: #1d2129\"><span style=\"font-family: Arial, sans-serif\"><span style=\"font-size: medium\"><span lang=\"it-IT\">Io non ti auguro un&#8217;indagine per sequestro di persona. Ti auguro di riuscire a provare vergogna.<\/span><\/span><\/span><\/span> <span style=\"color: #1d2129\"><span style=\"font-family: Arial, sans-serif\"><span style=\"font-size: medium\"><span lang=\"it-IT\">Non so come tu riesca a dormire al pensiero di quanta sofferenza si stia procurando nel tuo nome.<\/span><\/span><\/span><\/span> <span style=\"color: #1d2129\"><span style=\"font-family: Arial, sans-serif\"><span style=\"font-size: medium\"><span lang=\"it-IT\">Salvini, non ti stai comportando da Ministro di una democrazia occidentale, civile: non stai difendendo i confini d&#8217;Italia, perch\u00e9 persino l&#8217;ultimo dei soldati in guerra avrebbe piet\u00e0 di un civile inerme, ferito, indifeso. Salvini, non agisci cos\u00ec perch\u00e9 intollerante o razzista. Perch\u00e9 nel lasciare 150 persone per tre giorni in bal\u00eca di malattie e stenti su una nave non c&#8217;entra niente la razza o la diversit\u00e0, c&#8217;entra l&#8217;essere disumani, sadici. E per cosa poi, per prendere 100 voti in pi\u00f9? Salvini, fattene una ragione, non sei razzista: sei solo stronzo<\/span><\/span><\/span><\/span><span style=\"color: #1d2129\"><span style=\"font-family: Arial, sans-serif\"><span style=\"font-size: medium\"><span lang=\"it-IT\">\u201d.<\/span><\/span><\/span><\/span><div id=\"videoincontent\" style=\"clear:both\";><\/div><\/p>\n<p lang=\"it-IT\" style=\"text-align: justify\"><span style=\"color: #000000\"><strong>\u201c<\/strong><span style=\"font-family: Arial, sans-serif\"><span style=\"font-size: medium\"><strong>Toni poco consoni alla carica ricoperta\u201d.<\/strong> Immediata la replica dell&#8217;esponente della Lega all&#8217;Ars, <strong>Tony Rizzotto<\/strong>, che ha bacchettato Miccich\u00e8 per l&#8217;utilizzo di parole che poco si addicono con l&#8217;importante carica istituzionale ricoperta: &#8220;Sono profondamente dispiaciuto e fortemente deluso dalle parole usate dall&#8217;onorevole Miccich\u00e8 nei confronti del vicepremier e ministro dell&#8217;Interno Matteo Salvini per una posizione che il Presidente dell&#8217;Ars pu\u00f2 anche non condividere, ma che \u00e8 frutto di una scelta politica del Governo nazionale volta a sensibilizzare gli stati dell&#8217;Ue affinch\u00e9 collaborino con l&#8217;Italia nella gestione del problema dell&#8217;immigrazione.\u00a0<\/span><\/span><\/span><span style=\"color: #000000\"><span style=\"font-family: Arial, sans-serif\"><span style=\"font-size: medium\">Sono ingiustificati, e certamente poco consoni alla carica ricoperta, i toni usati da Miccich\u00e8 nei confronti del Ministro dell&#8217;Interno, perch\u00e9 un politico navigato come il Presidente dell&#8217;Ars dovrebbe sapere che questi atteggiamenti offensivi e provocatori non migliorano i rapporti politici ma possono solo peggiorarli&#8221;.<\/span><\/span><\/span><\/p>\n","protected":false},"excerpt":{"rendered":"<p>Continua lo scontro istituzionale intavolato dal vicepremier e ministro dell&#8217;Interno Matteo Salvini a seguito della sua controversa decisione di bloccare nel porto di Catania la nave militare italiana Diciotti con a bordo attualmente appena 150 migranti che, stando alle rilevazioni condotte all&#8217;interno del natante dal procuratore di Agrigento Luigi Patronaggio, versano in condizioni a dir [&hellip;]<\/p>\n","protected":false},"author":10,"featured_media":3890,"comment_status":"closed","ping_status":"open","sticky":false,"template":"","format":"standard","meta":{"ub_ctt_via":"","_mi_skip_tracking":false},"categories":[11],"tags":[],"featured_image_src":"https:\/\/www.messinaoggi.it\/website\/wp-content\/uploads\/2017\/07\/micciche-2.jpg","author_info":{"display_name":"Paolo Mustica","author_link":"https:\/\/www.messinaoggi.it\/website\/author\/p-mustica\/"},"digistream_id":0,"digistream":false,"_links":{"self":[{"href":"https:\/\/www.messinaoggi.it\/website\/wp-json\/wp\/v2\/posts\/23547"}],"collection":[{"href":"https:\/\/www.messinaoggi.it\/website\/wp-json\/wp\/v2\/posts"}],"about":[{"href":"https:\/\/www.messinaoggi.it\/website\/wp-json\/wp\/v2\/types\/post"}],"author":[{"embeddable":true,"href":"https:\/\/www.messinaoggi.it\/website\/wp-json\/wp\/v2\/users\/10"}],"replies":[{"embeddable":true,"href":"https:\/\/www.messinaoggi.it\/website\/wp-json\/wp\/v2\/comments?post=23547"}],"version-history":[{"count":0,"href":"https:\/\/www.messinaoggi.it\/website\/wp-json\/wp\/v2\/posts\/23547\/revisions"}],"wp:featuredmedia":[{"embeddable":true,"href":"https:\/\/www.messinaoggi.it\/website\/wp-json\/wp\/v2\/media\/3890"}],"wp:attachment":[{"href":"https:\/\/www.messinaoggi.it\/website\/wp-json\/wp\/v2\/media?parent=23547"}],"wp:term":[{"taxonomy":"category","embeddable":true,"href":"https:\/\/www.messinaoggi.it\/website\/wp-json\/wp\/v2\/categories?post=23547"},{"taxonomy":"post_tag","embeddable":true,"href":"https:\/\/www.messinaoggi.it\/website\/wp-json\/wp\/v2\/tags?post=23547"}],"curies":[{"name":"wp","href":"https:\/\/api.w.org\/{rel}","templated":true}]}}