{"id":235418,"date":"2025-04-11T10:48:34","date_gmt":"2025-04-11T08:48:34","guid":{"rendered":"http:\/\/www.messinaoggi.it\/website\/?p=235418"},"modified":"2025-04-11T11:01:48","modified_gmt":"2025-04-11T09:01:48","slug":"pista-ciclabile-via-del-vespro-ferrante-m5s-la-salute-non-puo-essere-asfaltata","status":"publish","type":"post","link":"https:\/\/www.messinaoggi.it\/website\/2025\/04\/11\/pista-ciclabile-via-del-vespro-ferrante-m5s-la-salute-non-puo-essere-asfaltata\/","title":{"rendered":"Polemiche pista ciclabile via del Vespro, Ferrante (M5S): &#8220;La salute non pu\u00f2 essere asfaltata!&#8221;"},"content":{"rendered":"\n<p>Il Consigliere della IV Municipalit\u00e0 <strong>Domenico Gabriele Ferrante<\/strong> (Movimento 5 Stelle), ha formalmente richiesto una variante urgente al progetto della pista ciclabile in fase di completamento su via del Vespro, su cui insiste uno dei pi\u00f9 importanti poliambulatori della citt\u00e0.<div id=\"div-gpt-ad-Messinaoggi.it-DSK-300x250-corpoart\" style=\"text-align:center;margin:0 auto;\"><\/div><\/p>\n\n\n\n<p>\u00abNon si pu\u00f2 parlare di mobilit\u00e0 sostenibile quando le scelte progettuali penalizzano proprio i cittadini pi\u00f9 fragili\u00bb denuncia Ferrante. <div id=\"videoincontent\" style=\"clear:both\";><\/div><\/p>\n\n\n\n<p>La pista, ancora in fase di realizzazione, ha gi\u00e0 suscitato forti critiche da parte di residenti, associazioni e sindacati: decine di parcheggi sono stati eliminati, con conseguenze dirette alla vivibilit\u00e0 di cittadini e residenti. Ma il punto pi\u00f9 grave, sottolinea Ferrante, \u00e8 un altro: sono stati rimossi anche gli stalli riservati a persone con disabilit\u00e0, collocati strategicamente a pochi metri dagli ingressi della struttura sanitaria.<\/p>\n\n\n\n<figure class=\"wp-block-image size-large\"><img loading=\"lazy\" width=\"531\" height=\"577\" src=\"https:\/\/www.messinaoggi.it\/website\/wp-content\/uploads\/2025\/04\/1000145025.jpg\" alt=\"\" class=\"wp-image-235428\" srcset=\"https:\/\/www.messinaoggi.it\/website\/wp-content\/uploads\/2025\/04\/1000145025.jpg 531w, https:\/\/www.messinaoggi.it\/website\/wp-content\/uploads\/2025\/04\/1000145025-276x300.jpg 276w\" sizes=\"(max-width: 531px) 100vw, 531px\" \/><figcaption>Domenico Gabriele Ferrante<\/figcaption><\/figure>\n\n\n\n<p>\u00abSono un convinto sostenitore della Mobilit\u00e0 Sostenibile e ritengo utile modernizzare la citt\u00e0, ma in questo caso, oltre agli enormi disagi per i residenti, parliamo di pazienti oncologici, non autosufficienti, persone con mobilit\u00e0 ridotta che devono sottoporsi a esami strumentali di diversa natura: come possono accedere ai servizi forniti dall&#8217;ASP senza parcheggi adeguati? Questa non \u00e8 viabilit\u00e0 sostenibile, \u00e8 una barriera alla salute, inoltre \u00e8 curioso notare come i parcheggi riservati alle Forze dell&#8217;Ordine non siano stati minimamente toccati\u00bb, afferma Ferrante.<\/p>\n\n\n\n<p>Per questo, nella nota inviata ufficialmente al Sindaco <strong>Federico Basile<\/strong> e all\u2019Assessore alla Mobilit\u00e0 <strong>Salvatore Mondello<\/strong>, Ferrante ha richiesto:<\/p>\n\n\n\n<ul><li>il ripristino immediato degli stalli per disabili in prossimit\u00e0 degli ingressi medici;<\/li><li>una revisione dell\u2019attuale tracciato della pista ciclabile, per conciliare le esigenze ambientali con quelle sanitarie e residenziali; <\/li><li>l\u2019apertura di un tavolo di confronto con la Circoscrizione, gli operatori sanitari e i residenti.<\/li><\/ul>\n\n\n\n<p>\u00abLa citt\u00e0 ha bisogno di progetti intelligenti, inclusivi e condivisi. Il rischio, altrimenti, \u00e8 che ogni linea tracciata sull\u2019asfalto diventi una linea di divisione tra chi pu\u00f2 accedere ai servizi e chi no\u00bb, conclude Ferrante.<\/p>\n","protected":false},"excerpt":{"rendered":"<p>Il Consigliere della IV Municipalit\u00e0 Domenico Gabriele Ferrante (Movimento 5 Stelle), ha formalmente richiesto una variante urgente al progetto della pista ciclabile in fase di completamento su via del Vespro, su cui insiste uno dei pi\u00f9 importanti poliambulatori della citt\u00e0. \u00abNon si pu\u00f2 parlare di mobilit\u00e0 sostenibile quando le scelte progettuali penalizzano proprio i cittadini [&hellip;]<\/p>\n","protected":false},"author":15,"featured_media":235424,"comment_status":"open","ping_status":"open","sticky":false,"template":"","format":"standard","meta":{"ub_ctt_via":"","_mi_skip_tracking":false},"categories":[19],"tags":[5448,2390,4416,3448],"featured_image_src":"https:\/\/www.messinaoggi.it\/website\/wp-content\/uploads\/2025\/04\/IMG-20250410-WA0029-e1744361200647.jpg","author_info":{"display_name":"red.me","author_link":"https:\/\/www.messinaoggi.it\/website\/author\/red-me\/"},"digistream_id":0,"digistream":false,"_links":{"self":[{"href":"https:\/\/www.messinaoggi.it\/website\/wp-json\/wp\/v2\/posts\/235418"}],"collection":[{"href":"https:\/\/www.messinaoggi.it\/website\/wp-json\/wp\/v2\/posts"}],"about":[{"href":"https:\/\/www.messinaoggi.it\/website\/wp-json\/wp\/v2\/types\/post"}],"author":[{"embeddable":true,"href":"https:\/\/www.messinaoggi.it\/website\/wp-json\/wp\/v2\/users\/15"}],"replies":[{"embeddable":true,"href":"https:\/\/www.messinaoggi.it\/website\/wp-json\/wp\/v2\/comments?post=235418"}],"version-history":[{"count":6,"href":"https:\/\/www.messinaoggi.it\/website\/wp-json\/wp\/v2\/posts\/235418\/revisions"}],"predecessor-version":[{"id":235450,"href":"https:\/\/www.messinaoggi.it\/website\/wp-json\/wp\/v2\/posts\/235418\/revisions\/235450"}],"wp:featuredmedia":[{"embeddable":true,"href":"https:\/\/www.messinaoggi.it\/website\/wp-json\/wp\/v2\/media\/235424"}],"wp:attachment":[{"href":"https:\/\/www.messinaoggi.it\/website\/wp-json\/wp\/v2\/media?parent=235418"}],"wp:term":[{"taxonomy":"category","embeddable":true,"href":"https:\/\/www.messinaoggi.it\/website\/wp-json\/wp\/v2\/categories?post=235418"},{"taxonomy":"post_tag","embeddable":true,"href":"https:\/\/www.messinaoggi.it\/website\/wp-json\/wp\/v2\/tags?post=235418"}],"curies":[{"name":"wp","href":"https:\/\/api.w.org\/{rel}","templated":true}]}}