{"id":23526,"date":"2018-08-24T11:27:08","date_gmt":"2018-08-24T09:27:08","guid":{"rendered":"http:\/\/www.messinaoggi.it\/website\/?p=23526"},"modified":"2018-08-24T11:27:08","modified_gmt":"2018-08-24T09:27:08","slug":"incidente-in-calabria-muore-messinese-di-60-anni","status":"publish","type":"post","link":"https:\/\/www.messinaoggi.it\/website\/2018\/08\/24\/incidente-in-calabria-muore-messinese-di-60-anni\/","title":{"rendered":"Incidente in Calabria, muore messinese di 60 anni"},"content":{"rendered":"<p style=\"text-align: justify;\">Un messinese di 60 anni \u00e8 morto sulla Salerno-Reggio Calabria a causa di un incidente stradale.<div id=\"div-gpt-ad-Messinaoggi.it-DSK-300x250-corpoart\" style=\"text-align:center;margin:0 auto;\"><\/div><\/p>\n<p style=\"text-align: justify;\">Sull&#8217;A2 &#8220;Autostrada del Mediterraneo&#8221;, a causa di un incidente, il traffico \u00e8 rallentato in direzione sud, al km 356, tra gli svincoli di Sant&#8217;Onofrio e Serre.<div id=\"videoincontent\" style=\"clear:both\";><\/div><\/p>\n<p style=\"text-align: justify;\">Per cause in corso di accertamento, un&#8217;autovettura si \u00e8 ribaltata autonomamente ed il conducente ha perso la vita. Si tratta di Franco Luciano, residente a Messina; la vittima stava rientrando dalla Sila. Luciano aveva lavorato per il quotidiano Gazzetta del Sud.<\/p>\n<p style=\"text-align: justify;\">Il personale Anas \u00e8 sul posto per la gestione della viabilit\u00e0 e per il ripristino della normale circolazione nel pi\u00f9 breve tempo possibile<\/p>\n","protected":false},"excerpt":{"rendered":"<p>Un messinese di 60 anni \u00e8 morto sulla Salerno-Reggio Calabria a causa di un incidente stradale. Sull&#8217;A2 &#8220;Autostrada del Mediterraneo&#8221;, a causa di un incidente, il traffico \u00e8 rallentato in direzione sud, al km 356, tra gli svincoli di Sant&#8217;Onofrio e Serre. Per cause in corso di accertamento, un&#8217;autovettura si \u00e8 ribaltata autonomamente ed il [&hellip;]<\/p>\n","protected":false},"author":2,"featured_media":23527,"comment_status":"closed","ping_status":"open","sticky":false,"template":"","format":"standard","meta":{"ub_ctt_via":"","_mi_skip_tracking":false},"categories":[19],"tags":[],"featured_image_src":"https:\/\/www.messinaoggi.it\/website\/wp-content\/uploads\/2018\/08\/DDE12199-0C8C-47B7-9245-5FB4D657BEA6-1.jpeg","author_info":{"display_name":"Redazione","author_link":"https:\/\/www.messinaoggi.it\/website\/author\/redazione\/"},"digistream_id":0,"digistream":false,"_links":{"self":[{"href":"https:\/\/www.messinaoggi.it\/website\/wp-json\/wp\/v2\/posts\/23526"}],"collection":[{"href":"https:\/\/www.messinaoggi.it\/website\/wp-json\/wp\/v2\/posts"}],"about":[{"href":"https:\/\/www.messinaoggi.it\/website\/wp-json\/wp\/v2\/types\/post"}],"author":[{"embeddable":true,"href":"https:\/\/www.messinaoggi.it\/website\/wp-json\/wp\/v2\/users\/2"}],"replies":[{"embeddable":true,"href":"https:\/\/www.messinaoggi.it\/website\/wp-json\/wp\/v2\/comments?post=23526"}],"version-history":[{"count":0,"href":"https:\/\/www.messinaoggi.it\/website\/wp-json\/wp\/v2\/posts\/23526\/revisions"}],"wp:featuredmedia":[{"embeddable":true,"href":"https:\/\/www.messinaoggi.it\/website\/wp-json\/wp\/v2\/media\/23527"}],"wp:attachment":[{"href":"https:\/\/www.messinaoggi.it\/website\/wp-json\/wp\/v2\/media?parent=23526"}],"wp:term":[{"taxonomy":"category","embeddable":true,"href":"https:\/\/www.messinaoggi.it\/website\/wp-json\/wp\/v2\/categories?post=23526"},{"taxonomy":"post_tag","embeddable":true,"href":"https:\/\/www.messinaoggi.it\/website\/wp-json\/wp\/v2\/tags?post=23526"}],"curies":[{"name":"wp","href":"https:\/\/api.w.org\/{rel}","templated":true}]}}