{"id":23515,"date":"2018-08-23T11:26:14","date_gmt":"2018-08-23T09:26:14","guid":{"rendered":"http:\/\/www.messinaoggi.it\/website\/?p=23515"},"modified":"2018-08-23T11:26:14","modified_gmt":"2018-08-23T09:26:14","slug":"forestali-gli-strali-di-figuccia-per-loro-solo-mance-quando-la-stabilizzazione-promessa-da-bandiera-e-musumeci","status":"publish","type":"post","link":"https:\/\/www.messinaoggi.it\/website\/2018\/08\/23\/forestali-gli-strali-di-figuccia-per-loro-solo-mance-quando-la-stabilizzazione-promessa-da-bandiera-e-musumeci\/","title":{"rendered":"Forestali, gli strali di Figuccia: &quot;Per loro solo mance, quando la stabilizzazione promessa da Musumeci?&quot;"},"content":{"rendered":"<p>&#8220;L&#8217;assessore all&#8217;Agricoltura Bandiera aveva annunciato che i forestali avrebbero lavorato sui fiumi, sui corsi d&#8217;acqua, sulla manutenzione delle strade, nei musei, nei siti archeologici. Durante la campagna elettorale Musumeci e lo stesso assessore avevano assicurato che gli operatori del Corpo forestale avrebbero lavorato tutto l&#8217;anno e non sarebbero stati fermi neanche un giorno. Siamo ormai ad agosto inoltrato e sia il personale dell&#8217;antincendio, che doveva essere impegnato in periodi antecedenti a quelli esposti al rischio incendi, sia i forestali della manutenzione che lavorano in azienda non sono stati utilizzati come si doveva&#8221;. A dirlo \u00e8 Vincenzo Figuccia, deputato dell&#8217;Udc all&#8217;Assemblea regionale siciliana e leader del Movimento Cambiamo la Sicilia.<br \/>\nSecondo il parlamentare il personale antincendio, una forza lavoro di 6mila unit\u00e0, pu\u00f2 essere impiegato nelle funzioni di Protezione civile. &#8220;Giampilieri,\u00a0Messina\u00a0e Agrigento sono solo alcuni dei casi nei quali in maniera eloquente ed efficace questi operatori sono intervenuti in tal senso &#8211; dice -In questa cornice piena di perplessit\u00e0 e incertezze, c&#8217;\u00e8 stato soltanto un piccolo contentino con un aumento di qualche centesimo, ma in realt\u00e0 i forestali non hanno bisogno di mance ed elemosine.<br \/>\nPiuttosto urge che vengano contrattualizzati attraverso una stabilizzazione del loro impiego e del loro contratto di lavoro&#8221;.<div id=\"div-gpt-ad-Messinaoggi.it-DSK-300x250-corpoart\" style=\"text-align:center;margin:0 auto;\"><\/div><\/p>\n<div id=\"videoincontent\" style=\"clear:both\";><\/div>","protected":false},"excerpt":{"rendered":"<p>&#8220;L&#8217;assessore all&#8217;Agricoltura Bandiera aveva annunciato che i forestali avrebbero lavorato sui fiumi, sui corsi d&#8217;acqua, sulla manutenzione delle strade, nei musei, nei siti archeologici. Durante la campagna elettorale Musumeci e lo stesso assessore avevano assicurato che gli operatori del Corpo forestale avrebbero lavorato tutto l&#8217;anno e non sarebbero stati fermi neanche un giorno. Siamo ormai [&hellip;]<\/p>\n","protected":false},"author":4,"featured_media":4554,"comment_status":"closed","ping_status":"open","sticky":false,"template":"","format":"standard","meta":{"ub_ctt_via":"","_mi_skip_tracking":false},"categories":[11],"tags":[],"featured_image_src":"https:\/\/www.messinaoggi.it\/website\/wp-content\/uploads\/2017\/07\/incendio-giostra-complesso-schiacciapensieri-messinaoggi-2.jpg","author_info":{"display_name":"redme","author_link":"https:\/\/www.messinaoggi.it\/website\/author\/redme\/"},"digistream_id":0,"digistream":false,"_links":{"self":[{"href":"https:\/\/www.messinaoggi.it\/website\/wp-json\/wp\/v2\/posts\/23515"}],"collection":[{"href":"https:\/\/www.messinaoggi.it\/website\/wp-json\/wp\/v2\/posts"}],"about":[{"href":"https:\/\/www.messinaoggi.it\/website\/wp-json\/wp\/v2\/types\/post"}],"author":[{"embeddable":true,"href":"https:\/\/www.messinaoggi.it\/website\/wp-json\/wp\/v2\/users\/4"}],"replies":[{"embeddable":true,"href":"https:\/\/www.messinaoggi.it\/website\/wp-json\/wp\/v2\/comments?post=23515"}],"version-history":[{"count":0,"href":"https:\/\/www.messinaoggi.it\/website\/wp-json\/wp\/v2\/posts\/23515\/revisions"}],"wp:featuredmedia":[{"embeddable":true,"href":"https:\/\/www.messinaoggi.it\/website\/wp-json\/wp\/v2\/media\/4554"}],"wp:attachment":[{"href":"https:\/\/www.messinaoggi.it\/website\/wp-json\/wp\/v2\/media?parent=23515"}],"wp:term":[{"taxonomy":"category","embeddable":true,"href":"https:\/\/www.messinaoggi.it\/website\/wp-json\/wp\/v2\/categories?post=23515"},{"taxonomy":"post_tag","embeddable":true,"href":"https:\/\/www.messinaoggi.it\/website\/wp-json\/wp\/v2\/tags?post=23515"}],"curies":[{"name":"wp","href":"https:\/\/api.w.org\/{rel}","templated":true}]}}