{"id":23514,"date":"2018-08-23T11:21:31","date_gmt":"2018-08-23T09:21:31","guid":{"rendered":"http:\/\/www.messinaoggi.it\/website\/?p=23514"},"modified":"2018-08-23T11:21:31","modified_gmt":"2018-08-23T09:21:31","slug":"centro-anziani-di-villa-dante-abbandonato-a-se-le-associazioni-espletare-subito-avviso","status":"publish","type":"post","link":"https:\/\/www.messinaoggi.it\/website\/2018\/08\/23\/centro-anziani-di-villa-dante-abbandonato-a-se-le-associazioni-espletare-subito-avviso\/","title":{"rendered":"Centro anziani di Villa Dante abbandonato, le associazioni: &#039;Espletare subito avviso&#039;"},"content":{"rendered":"<p><span style=\"color: #000000\"><span style=\"font-family: Arial, sans-serif\"><span style=\"font-size: medium\">Quale futuro per il Centro anziani di Villa Dante? \u00c8 una domanda pi\u00f9 che legittima quella postasi dalle associazioni &#8220;Fare per cambiare&#8221; e &#8220;Sicilia terra nostra&#8221;, considerato che, dopo aver partecipato al relativo Avviso presentando opportuna domanda, non hanno pi\u00f9 alcuna notizia circa l&#8217;esito dell&#8217;Assegnazione in gestione triennale a titolo gratuito del Centro in questione.<\/span><\/span><\/span><br \/>\n<span style=\"color: #000000\"><span style=\"font-family: Arial, sans-serif\"><span style=\"font-size: medium\">&#8220;<em>Era il 29 giugno quando abbiamo deciso insieme di partecipare all&#8217;Avviso pubblico di Assegnazione in gestione del Centro anziani di Villa Dante.<\/em> &#8211; spiegano le due associazioni &#8211; <em>L&#8217;Avviso, che si \u00e8 chiuso il 9 luglio, prevede la Gestione triennale non rinnovabile e a titolo gratuito del Centro al netto della presentazione di un progetto di gestione del medesimo Centro.<\/em><\/span><\/span><\/span><br \/>\n<em><span style=\"color: #000000\"><span style=\"font-family: Arial, sans-serif\"><span style=\"font-size: medium\">&#8220;Dal 9 luglio ad oggi\u00a0<\/span><\/span><\/span><span style=\"color: #000000\"><span style=\"font-family: Arial, sans-serif\"><span style=\"font-size: medium\">nulla \u00e8 dato sapere delle sorti dell&#8217;Avviso: nessuna notizia circa il suo espletamento n\u00e9 tanto meno sulla conseguenziale apertura delle buste con le offerte presentate allo scadere dei termini. Secondo quanto ci \u00e8 dato sapere, si attende una Delibera di Giunta che dia mandato all&#8217;ingegner Zaccone (Dirigente d&#8217;Area e Responsabile del procedimento) di procedere. <\/span><\/span><\/span><\/em><br \/>\n<em><span style=\"color: #000000\"><span style=\"font-family: Arial, sans-serif\"><span style=\"font-size: medium\">A pagarne gli scotti sono anzitutto i cittadini che vedono giorno dopo giorno il Centro cadere nel totale degrado dopo anni di lotte perch\u00e9 fosse riqualificato, ma anche le associazioni presentatrici dei progetti che, con impegno di forze, tempo e denaro, hanno deciso di scendere in campo nel realizzare un luogo di rilancio per la citt\u00e0 con annessi oneri.<\/span><\/span><\/span><\/em><br \/>\n<span style=\"color: #000000\"><span style=\"font-family: Arial, sans-serif\"><span style=\"font-size: medium\">&#8220;<em>Ci chiediamo il perch\u00e9 di questo immobilismo, ci chiediamo il perch\u00e9 non perseguire e completare un bando che \u00e8 stato frutto di aspre lotte durate diversi anni e che finalmente rappresenta la soluzione ideale rispetto alle esigenze dei cittadini e di chi frequenta quel luogo, e non possono di certo far stare sereni le dichiarazioni della Giunta riguardo l&#8217;area di Villa Dante pur consci della mancanza di riferimenti diretti ed espliciti al Centro Anziani.<\/em><\/span><\/span><\/span><br \/>\n<span style=\"color: #000000\"><span style=\"font-family: Arial, sans-serif\"><span style=\"font-size: medium\">&#8220;<em>Chiediamo che l&#8217;Avviso venga espletato e che siano esaminate le proposte presentate nel minor tempo possibile, scongiurando anche cosi i rischi riguardanti la trasparenza. Chiediamo altres\u00ec al sindaco (a cui gi\u00e0 abbiamo chiesto un incontro per discutere in merito a ci\u00f2), all&#8217;assessore Calafiore e all&#8217;ingegner Zaccone risposte circa il completamento dell&#8217;iter, delle risposte sin ora chieste ma non ricevute.<\/em><\/span><\/span><\/span><br \/>\n<span style=\"color: #000000\"><span style=\"font-family: Arial, sans-serif\"><span style=\"font-size: medium\"><em>Chiediamo in definitiva il completamento dell&#8217;Avviso e la concretizzazione, finalmente, di una soluzione che l&#8217;intera comunit\u00e0 attende da anni e che non pu\u00f2 vedere adesso come principale scoglio la macchina Amministrativa e Politica che dovrebbe, invece, essere soluzione ai problemi del cittadino<\/em>&#8220;.<\/span><\/span><\/span><div id=\"div-gpt-ad-Messinaoggi.it-DSK-300x250-corpoart\" style=\"text-align:center;margin:0 auto;\"><\/div><\/p>\n<div id=\"videoincontent\" style=\"clear:both\";><\/div>","protected":false},"excerpt":{"rendered":"<p>Quale futuro per il Centro anziani di Villa Dante? \u00c8 una domanda pi\u00f9 che legittima quella postasi dalle associazioni &#8220;Fare per cambiare&#8221; e &#8220;Sicilia terra nostra&#8221;, considerato che, dopo aver partecipato al relativo Avviso presentando opportuna domanda, non hanno pi\u00f9 alcuna notizia circa l&#8217;esito dell&#8217;Assegnazione in gestione triennale a titolo gratuito del Centro in questione. [&hellip;]<\/p>\n","protected":false},"author":8,"featured_media":14186,"comment_status":"closed","ping_status":"open","sticky":false,"template":"","format":"standard","meta":{"ub_ctt_via":"","_mi_skip_tracking":false},"categories":[5],"tags":[],"featured_image_src":"https:\/\/www.messinaoggi.it\/website\/wp-content\/uploads\/2018\/01\/Villa-Dante-ingresso-lato-Provinciale-messinaoggiMarcyR-1.jpg","author_info":{"display_name":"red..me","author_link":"https:\/\/www.messinaoggi.it\/website\/author\/redstage\/"},"digistream_id":0,"digistream":false,"_links":{"self":[{"href":"https:\/\/www.messinaoggi.it\/website\/wp-json\/wp\/v2\/posts\/23514"}],"collection":[{"href":"https:\/\/www.messinaoggi.it\/website\/wp-json\/wp\/v2\/posts"}],"about":[{"href":"https:\/\/www.messinaoggi.it\/website\/wp-json\/wp\/v2\/types\/post"}],"author":[{"embeddable":true,"href":"https:\/\/www.messinaoggi.it\/website\/wp-json\/wp\/v2\/users\/8"}],"replies":[{"embeddable":true,"href":"https:\/\/www.messinaoggi.it\/website\/wp-json\/wp\/v2\/comments?post=23514"}],"version-history":[{"count":0,"href":"https:\/\/www.messinaoggi.it\/website\/wp-json\/wp\/v2\/posts\/23514\/revisions"}],"wp:featuredmedia":[{"embeddable":true,"href":"https:\/\/www.messinaoggi.it\/website\/wp-json\/wp\/v2\/media\/14186"}],"wp:attachment":[{"href":"https:\/\/www.messinaoggi.it\/website\/wp-json\/wp\/v2\/media?parent=23514"}],"wp:term":[{"taxonomy":"category","embeddable":true,"href":"https:\/\/www.messinaoggi.it\/website\/wp-json\/wp\/v2\/categories?post=23514"},{"taxonomy":"post_tag","embeddable":true,"href":"https:\/\/www.messinaoggi.it\/website\/wp-json\/wp\/v2\/tags?post=23514"}],"curies":[{"name":"wp","href":"https:\/\/api.w.org\/{rel}","templated":true}]}}