{"id":235135,"date":"2025-04-09T11:51:09","date_gmt":"2025-04-09T09:51:09","guid":{"rendered":"http:\/\/www.messinaoggi.it\/website\/?p=235135"},"modified":"2025-04-09T11:51:13","modified_gmt":"2025-04-09T09:51:13","slug":"pista-ciclabile-oteri-lega-contrari-a-scelte-affrettate-e-incoerenti","status":"publish","type":"post","link":"https:\/\/www.messinaoggi.it\/website\/2025\/04\/09\/pista-ciclabile-oteri-lega-contrari-a-scelte-affrettate-e-incoerenti\/","title":{"rendered":"Pista ciclabile, Oteri (Lega): &#8220;Contrari a scelte affrettate e incoerenti&#8221;"},"content":{"rendered":"\n<p><strong>Cosimo Oteri<\/strong>, consigliere e capogruppo di Lega Prima l&#8217;Italia, intervenendo in merito alla realizzazione dell&#8217;ennesima pista ciclabile decisa dall&#8217;amministrazione Basile, tra il centro della citt\u00e0 e la ex Fiera, interviene per chiedere chiarimenti ben precisi relativamente agli standard di sicurezza adottati, all&#8217;effettivo rispetto delle nuove regole e agli investimenti sono previsti per la manutenzione e il controllo della stessa.<div id=\"div-gpt-ad-Messinaoggi.it-DSK-300x250-corpoart\" style=\"text-align:center;margin:0 auto;\"><\/div><\/p>\n\n\n\n<p>\u201cPer la pista ciclabile servono una reale sicurezza e un piano di mobilit\u00e0 credibile, non soluzioni improvvisate\u201d afferma il consigliere. <div id=\"videoincontent\" style=\"clear:both\";><\/div><\/p>\n\n\n\n<p>\u201cQuesto \u00e8 un progetto &#8211; prosegue Oteri &#8211; che sulla carta potrebbe rappresentare un\u2019opportunit\u00e0 per la mobilit\u00e0 sostenibile, ma che cos\u00ec come sar\u00e0 realizzato solleva non poche perplessit\u00e0. Come Lega non siamo contrari alla mobilit\u00e0 dolce, ma alle scelte affrettate e incoerenti. La pista a doppio senso in via del Vespro, con cordolo protettivo, \u00e8 una scelta giusta. Ma perch\u00e9 solo due vie, via del Vespro e via Tommaso Cannizzaro, saranno realmente protette? Altrove i ciclisti saranno costretti a convivere a pochi centimetri dalle auto in movimento o in sosta, in un percorso tortuoso che in alcuni punti devier\u00e0 persino tra dehors, stalli di sosta e fermate bus, come accadr\u00e0 lungo la via Garibaldi\u201d.<\/p>\n\n\n\n<p>Secondo Oteri \u201cnon si costruisce una citt\u00e0 ciclabile solo tracciando una linea sull\u2019asfalto. Si costruisce garantendo sicurezza, coerenza progettuale e rispetto delle regole. A Messina, invece, si persevera con soluzioni ibride, che sembrano pensate pi\u00f9 per \u201cchiudere un appalto\u201d che per cambiare davvero il volto della citt\u00e0. Anche perch\u00e9 conclude Oteri- in una citt\u00e0 dove la sosta selvaggia e la doppia fila sono ancora la regola, come si pensa di far convivere bici e auto senza un serio piano di controllo e sanzioni e di educare automobilisti e ciclisti a un nuovo modo di condividere la strada se non si prevede un\u2019adeguata campagna di informazione e vigilanza?\u201d.<\/p>\n","protected":false},"excerpt":{"rendered":"<p>Cosimo Oteri, consigliere e capogruppo di Lega Prima l&#8217;Italia, intervenendo in merito alla realizzazione dell&#8217;ennesima pista ciclabile decisa dall&#8217;amministrazione Basile, tra il centro della citt\u00e0 e la ex Fiera, interviene per chiedere chiarimenti ben precisi relativamente agli standard di sicurezza adottati, all&#8217;effettivo rispetto delle nuove regole e agli investimenti sono previsti per la manutenzione e [&hellip;]<\/p>\n","protected":false},"author":15,"featured_media":9618,"comment_status":"open","ping_status":"open","sticky":false,"template":"","format":"standard","meta":{"ub_ctt_via":"","_mi_skip_tracking":false},"categories":[4,6],"tags":[5984,4936,2390],"featured_image_src":"https:\/\/www.messinaoggi.it\/website\/wp-content\/uploads\/2017\/10\/bici-bicicletta.jpg","author_info":{"display_name":"red.me","author_link":"https:\/\/www.messinaoggi.it\/website\/author\/red-me\/"},"digistream_id":0,"digistream":false,"_links":{"self":[{"href":"https:\/\/www.messinaoggi.it\/website\/wp-json\/wp\/v2\/posts\/235135"}],"collection":[{"href":"https:\/\/www.messinaoggi.it\/website\/wp-json\/wp\/v2\/posts"}],"about":[{"href":"https:\/\/www.messinaoggi.it\/website\/wp-json\/wp\/v2\/types\/post"}],"author":[{"embeddable":true,"href":"https:\/\/www.messinaoggi.it\/website\/wp-json\/wp\/v2\/users\/15"}],"replies":[{"embeddable":true,"href":"https:\/\/www.messinaoggi.it\/website\/wp-json\/wp\/v2\/comments?post=235135"}],"version-history":[{"count":4,"href":"https:\/\/www.messinaoggi.it\/website\/wp-json\/wp\/v2\/posts\/235135\/revisions"}],"predecessor-version":[{"id":235139,"href":"https:\/\/www.messinaoggi.it\/website\/wp-json\/wp\/v2\/posts\/235135\/revisions\/235139"}],"wp:featuredmedia":[{"embeddable":true,"href":"https:\/\/www.messinaoggi.it\/website\/wp-json\/wp\/v2\/media\/9618"}],"wp:attachment":[{"href":"https:\/\/www.messinaoggi.it\/website\/wp-json\/wp\/v2\/media?parent=235135"}],"wp:term":[{"taxonomy":"category","embeddable":true,"href":"https:\/\/www.messinaoggi.it\/website\/wp-json\/wp\/v2\/categories?post=235135"},{"taxonomy":"post_tag","embeddable":true,"href":"https:\/\/www.messinaoggi.it\/website\/wp-json\/wp\/v2\/tags?post=235135"}],"curies":[{"name":"wp","href":"https:\/\/api.w.org\/{rel}","templated":true}]}}