{"id":235114,"date":"2025-04-09T11:01:28","date_gmt":"2025-04-09T09:01:28","guid":{"rendered":"http:\/\/www.messinaoggi.it\/website\/?p=235114"},"modified":"2025-04-09T11:01:44","modified_gmt":"2025-04-09T09:01:44","slug":"mercato-vascone-cacciotto-sollecita-lavvio-immediato-dei-lavori-di-riqualificazione","status":"publish","type":"post","link":"https:\/\/www.messinaoggi.it\/website\/2025\/04\/09\/mercato-vascone-cacciotto-sollecita-lavvio-immediato-dei-lavori-di-riqualificazione\/","title":{"rendered":"Mercato Vascone, Cacciotto sollecita l\u2019avvio immediato dei lavori di riqualificazione"},"content":{"rendered":"\n<p>A tre settimane dal trasferimento dei commercianti nel mercato provvisorio allestito nel parcheggio di via Catania, i lavori di riqualificazione del Mercato Vascone non sono ancora partiti. A segnalare la situazione, con una nota formale indirizzata alle autorit\u00e0 competenti, \u00e8 stato il presidente della III Municipalit\u00e0 <strong>Alessandro Cacciotto<\/strong>.<div id=\"div-gpt-ad-Messinaoggi.it-DSK-300x250-corpoart\" style=\"text-align:center;margin:0 auto;\"><\/div><\/p>\n\n\n\n<p>\u00abMi \u00e8 stato rappresentato dagli stessi operatori \u2013 scrive Cacciotto \u2013 che nonostante il trasferimento, il cantiere non \u00e8 stato ancora avviato. Una condizione che genera legittima preoccupazione tra i mercatali, i quali temono un allungamento dei tempi di consegna, previsti attualmente per il 30 novembre 2025, oltre a un aggravio dei costi e ai disagi legati alla sistemazione temporanea\u00bb.<div id=\"videoincontent\" style=\"clear:both\";><\/div><\/p>\n\n\n\n<p>Il presidente chiede pertanto all\u2019amministrazione comunale e agli uffici competenti di attivarsi \u00abaffinch\u00e9 la ditta incaricata proceda immediatamente con l\u2019apertura del cantiere e l\u2019avvio degli interventi previsti, nel rispetto del cronoprogramma e nell\u2019interesse dei commercianti e della cittadinanza\u00bb.<\/p>\n\n\n\n<p>Il progetto di riqualificazione del Mercato Vascone rappresenta un\u2019opera strategica per la citt\u00e0, ma secondo Cacciotto \u00abogni ritardo rischia di compromettere la fiducia degli operatori e aumentare le difficolt\u00e0 legate all\u2019attuale sistemazione provvisoria, gi\u00e0 di per s\u00e9 complessa\u00bb.<\/p>\n","protected":false},"excerpt":{"rendered":"<p>A tre settimane dal trasferimento dei commercianti nel mercato provvisorio allestito nel parcheggio di via Catania, i lavori di riqualificazione del Mercato Vascone non sono ancora partiti. A segnalare la situazione, con una nota formale indirizzata alle autorit\u00e0 competenti, \u00e8 stato il presidente della III Municipalit\u00e0 Alessandro Cacciotto. \u00abMi \u00e8 stato rappresentato dagli stessi operatori [&hellip;]<\/p>\n","protected":false},"author":15,"featured_media":235124,"comment_status":"open","ping_status":"open","sticky":false,"template":"","format":"standard","meta":{"ub_ctt_via":"","_mi_skip_tracking":false},"categories":[4,6],"tags":[1125,6884,5829],"featured_image_src":"https:\/\/www.messinaoggi.it\/website\/wp-content\/uploads\/2025\/04\/IMG-20250408-WA0011.jpg","author_info":{"display_name":"red.me","author_link":"https:\/\/www.messinaoggi.it\/website\/author\/red-me\/"},"digistream_id":0,"digistream":false,"_links":{"self":[{"href":"https:\/\/www.messinaoggi.it\/website\/wp-json\/wp\/v2\/posts\/235114"}],"collection":[{"href":"https:\/\/www.messinaoggi.it\/website\/wp-json\/wp\/v2\/posts"}],"about":[{"href":"https:\/\/www.messinaoggi.it\/website\/wp-json\/wp\/v2\/types\/post"}],"author":[{"embeddable":true,"href":"https:\/\/www.messinaoggi.it\/website\/wp-json\/wp\/v2\/users\/15"}],"replies":[{"embeddable":true,"href":"https:\/\/www.messinaoggi.it\/website\/wp-json\/wp\/v2\/comments?post=235114"}],"version-history":[{"count":2,"href":"https:\/\/www.messinaoggi.it\/website\/wp-json\/wp\/v2\/posts\/235114\/revisions"}],"predecessor-version":[{"id":235123,"href":"https:\/\/www.messinaoggi.it\/website\/wp-json\/wp\/v2\/posts\/235114\/revisions\/235123"}],"wp:featuredmedia":[{"embeddable":true,"href":"https:\/\/www.messinaoggi.it\/website\/wp-json\/wp\/v2\/media\/235124"}],"wp:attachment":[{"href":"https:\/\/www.messinaoggi.it\/website\/wp-json\/wp\/v2\/media?parent=235114"}],"wp:term":[{"taxonomy":"category","embeddable":true,"href":"https:\/\/www.messinaoggi.it\/website\/wp-json\/wp\/v2\/categories?post=235114"},{"taxonomy":"post_tag","embeddable":true,"href":"https:\/\/www.messinaoggi.it\/website\/wp-json\/wp\/v2\/tags?post=235114"}],"curies":[{"name":"wp","href":"https:\/\/api.w.org\/{rel}","templated":true}]}}