{"id":23499,"date":"2018-08-22T12:31:57","date_gmt":"2018-08-22T10:31:57","guid":{"rendered":"http:\/\/www.messinaoggi.it\/website\/?p=23499"},"modified":"2018-08-22T12:31:57","modified_gmt":"2018-08-22T10:31:57","slug":"baracche-cacciotto-lassessore-falcone-sara-a-messina-convocare-consiglio-circoscrizionale","status":"publish","type":"post","link":"https:\/\/www.messinaoggi.it\/website\/2018\/08\/22\/baracche-cacciotto-lassessore-falcone-sara-a-messina-convocare-consiglio-circoscrizionale\/","title":{"rendered":"Baracche, Cacciotto: &quot;L&#039;assessore Falcone sar\u00e0 a Messina: convocare consiglio circoscrizionale&quot;"},"content":{"rendered":"<p lang=\"it-IT\" align=\"JUSTIFY\"><span style=\"font-family: Arial, sans-serif\"><span style=\"font-size: medium\">Convocare il consiglio circoscrizionale, subito. \u00c8 quanto in sintesi chiede il consigliere della III Circoscrizione, <strong>Alessandro Cacciotto<\/strong>, in una nota indirizzata al presidente circoscrizionale, Natale Cuc\u00e8, in vista dell&#8217;imminente visita istituzionale a Messina dell&#8217;assessore regionale alle Infrastrutture <strong>Marco Falcone<\/strong>, durante la quale avr\u00e0 modo di constatare personalmente le condizioni in cui versano i quartieri periferici della citt\u00e0, con riferimento soprattutto alle baracche distribuite sul territorio comunale. L&#8217;obiettivo \u00e8 dunque quello di coinvolgere attivamente l&#8217;organo territoriale che meglio di chiunque altro conosce la realt\u00e0 locale: &#8220;<em>Venerd\u00ec prossimo l\u2019assessore regionale alle Infrastrutture, Marco Falcone, dovrebbe effettuare una visita istituzionale a Messina per vedere con i propri occhi la triste vicenda delle baracche e, dunque, affrontare il tema del risanamento su cui il primo cittadino ha tracciato due date: 31 ottobre per lo sgombero e 31 dicembre per la demolizione.\u00a0<\/em><\/span><\/span><span style=\"font-family: Arial, sans-serif\"><span style=\"font-size: medium\"><em>Il tema del risanamento interessa e non poco la nostra Circoscrizione: Fondo Fucile, Camaro S. Paolo, Camaro S. Luigi, Bisconte, tanto per fare alcuni esempi, ricadono nel nostro territorio.<\/em><\/span><\/span><div id=\"div-gpt-ad-Messinaoggi.it-DSK-300x250-corpoart\" style=\"text-align:center;margin:0 auto;\"><\/div><\/p>\n<p lang=\"it-IT\" align=\"JUSTIFY\"><em><span style=\"font-family: Arial, sans-serif\"><span style=\"font-size: medium\">&#8220;Mi spiace averla vista, istituzionalmente assente in questo tema e non potr\u00e0 essere una giustificazione la sospensione estiva dei lavori.\u00a0<\/span><\/span><span style=\"font-family: Arial, sans-serif\"><span style=\"font-size: medium\">Al di la di tutto, credo che bisogna istituzionalmente essere compartecipi nella vicenda risanamento, ovviamente nell\u2019ambito delle nostre competenze.<\/span><\/span><span style=\"font-family: Arial, sans-serif\"><span style=\"font-size: medium\">\u00a0<\/span><\/span><span style=\"font-family: Arial, sans-serif\"><span style=\"font-size: medium\">Ad oggi il Consiglio della Terza Circoscrizione non ha potuto esprimersi collegialmente sulla questione, su cui, nelle competenze di consigliere circoscrizionale, ho cercato di esprimere delle considerazioni e delle preoccupazioni.<\/span><\/span><\/em><div id=\"videoincontent\" style=\"clear:both\";><\/div><\/p>\n<p lang=\"it-IT\" align=\"JUSTIFY\"><span style=\"font-family: Arial, sans-serif\"><span style=\"font-size: medium\">&#8220;<em>Tutto ci\u00f2 premesso, ritenendo di fondamentale importanza che il consiglio circoscrizionale sia soggetto attivo del risanamento ricadente nella propria circoscrizione e ritenendo un fatto importante la visita istituzionale dell\u2019Assessore Regionale Falcone, le chiedo di valutare, ove ritenga che ne ricorrano i presupposti e le esigenze, di convocare un consiglio itinerante, da Fondo Fucile a Camaro, con urgenza, al fine di affrontare istituzionalmente la delicata questione del risanamento alla presenza dell\u2019esponente della giunta siciliana<\/em>&#8220;.<\/span><\/span><\/p>\n","protected":false},"excerpt":{"rendered":"<p>Convocare il consiglio circoscrizionale, subito. \u00c8 quanto in sintesi chiede il consigliere della III Circoscrizione, Alessandro Cacciotto, in una nota indirizzata al presidente circoscrizionale, Natale Cuc\u00e8, in vista dell&#8217;imminente visita istituzionale a Messina dell&#8217;assessore regionale alle Infrastrutture Marco Falcone, durante la quale avr\u00e0 modo di constatare personalmente le condizioni in cui versano i quartieri periferici [&hellip;]<\/p>\n","protected":false},"author":8,"featured_media":2169,"comment_status":"closed","ping_status":"open","sticky":false,"template":"","format":"standard","meta":{"ub_ctt_via":"","_mi_skip_tracking":false},"categories":[6],"tags":[],"featured_image_src":"https:\/\/www.messinaoggi.it\/website\/wp-content\/uploads\/2017\/06\/baracche-messina-2.jpg","author_info":{"display_name":"red..me","author_link":"https:\/\/www.messinaoggi.it\/website\/author\/redstage\/"},"digistream_id":0,"digistream":false,"_links":{"self":[{"href":"https:\/\/www.messinaoggi.it\/website\/wp-json\/wp\/v2\/posts\/23499"}],"collection":[{"href":"https:\/\/www.messinaoggi.it\/website\/wp-json\/wp\/v2\/posts"}],"about":[{"href":"https:\/\/www.messinaoggi.it\/website\/wp-json\/wp\/v2\/types\/post"}],"author":[{"embeddable":true,"href":"https:\/\/www.messinaoggi.it\/website\/wp-json\/wp\/v2\/users\/8"}],"replies":[{"embeddable":true,"href":"https:\/\/www.messinaoggi.it\/website\/wp-json\/wp\/v2\/comments?post=23499"}],"version-history":[{"count":0,"href":"https:\/\/www.messinaoggi.it\/website\/wp-json\/wp\/v2\/posts\/23499\/revisions"}],"wp:featuredmedia":[{"embeddable":true,"href":"https:\/\/www.messinaoggi.it\/website\/wp-json\/wp\/v2\/media\/2169"}],"wp:attachment":[{"href":"https:\/\/www.messinaoggi.it\/website\/wp-json\/wp\/v2\/media?parent=23499"}],"wp:term":[{"taxonomy":"category","embeddable":true,"href":"https:\/\/www.messinaoggi.it\/website\/wp-json\/wp\/v2\/categories?post=23499"},{"taxonomy":"post_tag","embeddable":true,"href":"https:\/\/www.messinaoggi.it\/website\/wp-json\/wp\/v2\/tags?post=23499"}],"curies":[{"name":"wp","href":"https:\/\/api.w.org\/{rel}","templated":true}]}}