{"id":234945,"date":"2025-04-08T11:01:28","date_gmt":"2025-04-08T09:01:28","guid":{"rendered":"http:\/\/www.messinaoggi.it\/website\/?p=234945"},"modified":"2025-04-08T11:01:39","modified_gmt":"2025-04-08T09:01:39","slug":"piscina-cappuccini-carbone-fdi-insiste-per-sapere-quando-riaprira","status":"publish","type":"post","link":"https:\/\/www.messinaoggi.it\/website\/2025\/04\/08\/piscina-cappuccini-carbone-fdi-insiste-per-sapere-quando-riaprira\/","title":{"rendered":"Piscina Cappuccini, Carbone (FdI) insiste per sapere quando riaprir\u00e0"},"content":{"rendered":"\n<p>Il Consigliere di Fratelli d\u2019Italia <strong>Dario Carbone<\/strong> ha richiesto nuovamente aggiornamenti sullo stato dei lavori di ristrutturazione e sulla riapertura della Piscina \u201cCappuccini\u201d.<div id=\"div-gpt-ad-Messinaoggi.it-DSK-300x250-corpoart\" style=\"text-align:center;margin:0 auto;\"><\/div><\/p>\n\n\n\n<p>\u201cAnche il termine del 15 marzo indicato dall\u2019Assessore Finocchiaro per la riapertura della Piscina Cappuccini \u00e8 spirato senza esito. I cittadini messinesi hanno ormai perso le speranze e si sono abituati ad una carenza cronica di impianti natatori in citt\u00e0 e tale sentimento di rassegnazione non pu\u00f2 che farci riflettere sulla gestione complessiva degli impianti sportivi in citt\u00e0\u201d dichiara Carbone. <div id=\"videoincontent\" style=\"clear:both\";><\/div><\/p>\n\n\n\n<p>\u201cRicordo sempre che i lavori avrebbero dovuto concludersi addirittura entro il mese di luglio 2024 e nel silenzio generale non vi sono aggiornamenti n\u00e9 in ordine alla riapertura n\u00e9 in relazione a quella che dovrebbe essere la tipologia di affidamento o di gestione\u201d continua il consigliere Carbone.<\/p>\n\n\n\n<p>\u201cGiornalmente ricevo richieste di informazione da numerosi cittadini che vorrebbero usufruire ed allenarsi in una struttura che &#8211; soltanto qualche anno fa &#8211; era il fiore all\u2019occhiello dell\u2019impiantistica natatoria mediterranea: si tratta non soltanto di sportivi che praticano lo sport a livello agonistico ma anche e soprattutto di appassionati di nuoto e di parenti di soggetti disabili gravi per i quali \u00e8 fondamentale poter utilizzare una piscina\u201d conclude Carbone.<\/p>\n","protected":false},"excerpt":{"rendered":"<p>Il Consigliere di Fratelli d\u2019Italia Dario Carbone ha richiesto nuovamente aggiornamenti sullo stato dei lavori di ristrutturazione e sulla riapertura della Piscina \u201cCappuccini\u201d. \u201cAnche il termine del 15 marzo indicato dall\u2019Assessore Finocchiaro per la riapertura della Piscina Cappuccini \u00e8 spirato senza esito. I cittadini messinesi hanno ormai perso le speranze e si sono abituati ad [&hellip;]<\/p>\n","protected":false},"author":15,"featured_media":24401,"comment_status":"open","ping_status":"open","sticky":false,"template":"","format":"standard","meta":{"ub_ctt_via":"","_mi_skip_tracking":false},"categories":[5,6],"tags":[3756,1526,9572,2990],"featured_image_src":"https:\/\/www.messinaoggi.it\/website\/wp-content\/uploads\/2018\/09\/Piscina-Cappuccini-durante-Universiadi-1997-messinaoggiMarcyRuggi.jpg","author_info":{"display_name":"red.me","author_link":"https:\/\/www.messinaoggi.it\/website\/author\/red-me\/"},"digistream_id":0,"digistream":false,"_links":{"self":[{"href":"https:\/\/www.messinaoggi.it\/website\/wp-json\/wp\/v2\/posts\/234945"}],"collection":[{"href":"https:\/\/www.messinaoggi.it\/website\/wp-json\/wp\/v2\/posts"}],"about":[{"href":"https:\/\/www.messinaoggi.it\/website\/wp-json\/wp\/v2\/types\/post"}],"author":[{"embeddable":true,"href":"https:\/\/www.messinaoggi.it\/website\/wp-json\/wp\/v2\/users\/15"}],"replies":[{"embeddable":true,"href":"https:\/\/www.messinaoggi.it\/website\/wp-json\/wp\/v2\/comments?post=234945"}],"version-history":[{"count":4,"href":"https:\/\/www.messinaoggi.it\/website\/wp-json\/wp\/v2\/posts\/234945\/revisions"}],"predecessor-version":[{"id":234949,"href":"https:\/\/www.messinaoggi.it\/website\/wp-json\/wp\/v2\/posts\/234945\/revisions\/234949"}],"wp:featuredmedia":[{"embeddable":true,"href":"https:\/\/www.messinaoggi.it\/website\/wp-json\/wp\/v2\/media\/24401"}],"wp:attachment":[{"href":"https:\/\/www.messinaoggi.it\/website\/wp-json\/wp\/v2\/media?parent=234945"}],"wp:term":[{"taxonomy":"category","embeddable":true,"href":"https:\/\/www.messinaoggi.it\/website\/wp-json\/wp\/v2\/categories?post=234945"},{"taxonomy":"post_tag","embeddable":true,"href":"https:\/\/www.messinaoggi.it\/website\/wp-json\/wp\/v2\/tags?post=234945"}],"curies":[{"name":"wp","href":"https:\/\/api.w.org\/{rel}","templated":true}]}}