{"id":23494,"date":"2018-08-22T12:01:26","date_gmt":"2018-08-22T10:01:26","guid":{"rendered":"http:\/\/www.messinaoggi.it\/website\/?p=23494"},"modified":"2018-08-22T12:01:26","modified_gmt":"2018-08-22T10:01:26","slug":"cala-il-sipario-sullxi-edizione-di-concerti-al-tramonto-imperdibile-concerto-di-mario-venuti","status":"publish","type":"post","link":"https:\/\/www.messinaoggi.it\/website\/2018\/08\/22\/cala-il-sipario-sullxi-edizione-di-concerti-al-tramonto-imperdibile-concerto-di-mario-venuti\/","title":{"rendered":"Cala il sipario sull&#039;XI edizione di Concerti al Tramonto. Imperdibile concerto di Mario Venuti"},"content":{"rendered":"<p>Sar\u00e0 il \u00a0cantautore siciliano Mario Venuti a chiudere, domani, alle ore 20.30, la XI edizione della rassegna musicale &#8220;Concerti al Tramonto&#8221;, presentata da Tony Canto e Syria, che ha visto esibirsi durante il mese di agosto \u00a0alcuni tra i pi\u00f9 grandi talenti della musica italiana; artisti del calibro di Morgan, Arisa, Nada, Paolo Rossi e\u00a0 ieri sera Marianne Mirage che hanno infiammato l\u2019estate di Salina, una tra le pi\u00f9 incantevoli isole dell\u2019arcipelago eoliano.<br \/>\n<img loading=\"lazy\" class=\"alignnone size-medium wp-image-23496\" src=\"http:\/\/www.messinaoggi.it\/website\/wp-content\/uploads\/2018\/08\/Arisa-in-mezzo-al-pubblico-300x200.jpg\" alt=\"\" width=\"300\" height=\"200\" \/><br \/>\nSerate iniziate con la suggestiva luce e i meravigliosi colori del tramonto di Malfa e terminate con un pubblico particolarmente affascinato nel poter ascoltare alcuni celebri pezzi suonati chitarra e voce oppure piano e voce in un&#8217;atmosfera esclusiva e unica.<br \/>\n<img loading=\"lazy\" class=\"alignnone size-medium wp-image-23497\" src=\"http:\/\/www.messinaoggi.it\/website\/wp-content\/uploads\/2018\/08\/Morgan-2-300x200.jpg\" alt=\"\" width=\"300\" height=\"200\" \/><br \/>\nEmozionati e felici di essere sull&#8217;isola eoliana molti dei cantanti che per la prima volta mettevano piede a Salina e hanno promesso di tornare per &#8220;l&#8217;energia che \u00e8 capace di sprigionare questa terra&#8221;, come ha detto Nada in un&#8217;intervista o ancora Arisa, seguitissima sui social, pronta a postare tante fotografie elogiando le Eolie, la struttura in cui era ospite e la promozione di performance live cos\u00ec &#8220;uniche&#8221;. E domani a chiudere la rassegna sar\u00e0 il grande Mario Venuti che con la sua emozionante voce incanter\u00e0 ancora una volta il pubblico dell\u2019Hotel Ravesi.<br \/>\n <br \/>\n <br \/>\n <div id=\"div-gpt-ad-Messinaoggi.it-DSK-300x250-corpoart\" style=\"text-align:center;margin:0 auto;\"><\/div><\/p>\n<div id=\"videoincontent\" style=\"clear:both\";><\/div>","protected":false},"excerpt":{"rendered":"<p>Sar\u00e0 il \u00a0cantautore siciliano Mario Venuti a chiudere, domani, alle ore 20.30, la XI edizione della rassegna musicale &#8220;Concerti al Tramonto&#8221;, presentata da Tony Canto e Syria, che ha visto esibirsi durante il mese di agosto \u00a0alcuni tra i pi\u00f9 grandi talenti della musica italiana; artisti del calibro di Morgan, Arisa, Nada, Paolo Rossi e\u00a0 [&hellip;]<\/p>\n","protected":false},"author":5,"featured_media":23495,"comment_status":"closed","ping_status":"open","sticky":false,"template":"","format":"standard","meta":{"ub_ctt_via":"","_mi_skip_tracking":false},"categories":[17],"tags":[],"featured_image_src":"https:\/\/www.messinaoggi.it\/website\/wp-content\/uploads\/2018\/08\/Mario-Venuti-1.jpg","author_info":{"display_name":"Maria Antonella Saia","author_link":"https:\/\/www.messinaoggi.it\/website\/author\/m-saia\/"},"digistream_id":0,"digistream":false,"_links":{"self":[{"href":"https:\/\/www.messinaoggi.it\/website\/wp-json\/wp\/v2\/posts\/23494"}],"collection":[{"href":"https:\/\/www.messinaoggi.it\/website\/wp-json\/wp\/v2\/posts"}],"about":[{"href":"https:\/\/www.messinaoggi.it\/website\/wp-json\/wp\/v2\/types\/post"}],"author":[{"embeddable":true,"href":"https:\/\/www.messinaoggi.it\/website\/wp-json\/wp\/v2\/users\/5"}],"replies":[{"embeddable":true,"href":"https:\/\/www.messinaoggi.it\/website\/wp-json\/wp\/v2\/comments?post=23494"}],"version-history":[{"count":0,"href":"https:\/\/www.messinaoggi.it\/website\/wp-json\/wp\/v2\/posts\/23494\/revisions"}],"wp:featuredmedia":[{"embeddable":true,"href":"https:\/\/www.messinaoggi.it\/website\/wp-json\/wp\/v2\/media\/23495"}],"wp:attachment":[{"href":"https:\/\/www.messinaoggi.it\/website\/wp-json\/wp\/v2\/media?parent=23494"}],"wp:term":[{"taxonomy":"category","embeddable":true,"href":"https:\/\/www.messinaoggi.it\/website\/wp-json\/wp\/v2\/categories?post=23494"},{"taxonomy":"post_tag","embeddable":true,"href":"https:\/\/www.messinaoggi.it\/website\/wp-json\/wp\/v2\/tags?post=23494"}],"curies":[{"name":"wp","href":"https:\/\/api.w.org\/{rel}","templated":true}]}}