{"id":23493,"date":"2018-08-22T11:58:41","date_gmt":"2018-08-22T09:58:41","guid":{"rendered":"http:\/\/www.messinaoggi.it\/website\/?p=23493"},"modified":"2018-08-22T11:58:41","modified_gmt":"2018-08-22T09:58:41","slug":"ex-autisti-guariti-allatm-i-sindacati-a-de-luca-si-diano-informazioni-corrette","status":"publish","type":"post","link":"https:\/\/www.messinaoggi.it\/website\/2018\/08\/22\/ex-autisti-guariti-allatm-i-sindacati-a-de-luca-si-diano-informazioni-corrette\/","title":{"rendered":"Ex autisti &quot;guariti&quot; all&#039;Atm, i sindacati a De Luca: &quot;Si diano informazioni corrette&quot;"},"content":{"rendered":"<p style=\"text-align: justify\"><span style=\"color: #000000\">\u201c<\/span><span style=\"color: #000000\"><span style=\"font-family: Arial, sans-serif\"><span style=\"font-size: medium\"><span lang=\"it-IT\"><i>Si diano informazioni corrette sui lavoratori<\/i><\/span><\/span><\/span><\/span><span style=\"color: #000000\"><span style=\"font-family: Arial, sans-serif\"><span style=\"font-size: medium\"><span lang=\"it-IT\">\u201d, cos\u00ec <\/span><\/span><\/span><\/span><span style=\"color: #000000\"><span style=\"font-family: Arial, sans-serif\"><span style=\"font-size: medium\">Filt-Cgil, Fit-Cisl e Uiltrasporti<\/span><\/span><\/span><span style=\"color: #000000\"><span style=\"font-family: Arial, sans-serif\"><span style=\"font-size: medium\"> bacchettando il sindaco Cateno De Luca in riferimento alle sue dichiarazioni circa la presenza all&#8217;Atm di sedicenti dipendenti inidonei alla guida che verrebbero inopportunamente impiegati all&#8217;interno dell&#8217;azienda in mansioni di ufficio. In un video postato ieri sulla sua pagina Facebook, De Luca ha infatti affermato di aver disposto alcune visite di accertamento nei confronti di dieci ex autisti ritenuti inidonei alla mansione di autista, scoprendo sorprendentemente che nessuno di questi effettivamente era impossibilitato a guidare autobus. I sindacati dei trasporti tengono per\u00f2 a precisare che quanto affermato dal primo cittadino sia, quantomeno in parte, falso: \u201c<\/span><\/span><\/span><span style=\"color: #000000\"><span style=\"font-family: Arial, sans-serif\"><span style=\"font-size: medium\"><i>D<\/i><\/span><\/span><\/span><span style=\"color: #000000\"><span style=\"font-family: Arial, sans-serif\"><span style=\"font-size: medium\"><span lang=\"it-IT\"><i>ei dieci dipendenti risultati ieri idonei alla guida ben sei gi\u00e0 lo erano, ma essendo impiegati come autisti di soccorso e rimessa sono stati inviati al sanitario per la necessaria certificazione richiesta per legge alla guida all&#8217;esterno; mentre dei restanti quattro nessuno era inidoneo definitivo, ma correttamente sottoposti a controllo periodico della inidoneit\u00e0 provvisoria certificata dal medico competente aziendale\u201d<\/i><\/span><\/span><\/span><\/span><span style=\"color: #000000\"><span style=\"font-family: Arial, sans-serif\"><span style=\"font-size: medium\"><span lang=\"it-IT\">.<\/span><\/span><\/span><\/span><div id=\"div-gpt-ad-Messinaoggi.it-DSK-300x250-corpoart\" style=\"text-align:center;margin:0 auto;\"><\/div><\/p>\n<p style=\"text-align: justify\"><span style=\"color: #000000\"><span style=\"font-family: Arial, sans-serif\"><span style=\"font-size: medium\"><span lang=\"it-IT\">In ogni caso, al di l\u00e0 della vicenda in esame, Filt-Cgil, Fit-Cisl e Uiltrasporti condividono pienamente la decisione del Cda della societ\u00e0 circa la necessit\u00e0 di reperire personale interno da utilizzare alla guida: \u201c<\/span><\/span><\/span><\/span><span style=\"color: #000000\"><span style=\"font-family: Arial, sans-serif\"><span style=\"font-size: medium\"><span lang=\"it-IT\"><i>Operazioni senza dubbio corrette nell&#8217;ottica della riorganizzazione interna e in tal senso si mandino pure a visita anche tutti e 500 dipendenti, ma senza inutili derive populiste che rischiano di mettere in cattiva luce anche la stragrande maggioranza dei dipendenti Atm che ogni giorno operano per dare un servizio alla citt\u00e0. <\/i><\/span><\/span><\/span><\/span><div id=\"videoincontent\" style=\"clear:both\";><\/div><\/p>\n<p style=\"text-align: justify\"><span style=\"color: #000000\"><span style=\"font-family: Arial, sans-serif\"><span style=\"font-size: medium\"><span lang=\"it-IT\">\u201c<\/span><\/span><\/span><\/span><span style=\"color: #000000\"><span style=\"font-family: Arial, sans-serif\"><span style=\"font-size: medium\"><span lang=\"it-IT\"><i>Su ogni forma di riorganizzazione interna nessuna preclusione: constatiamo anzi si sia gi\u00e0 proceduto a esternalizzare le attivit\u00e0 di soccorso bus a ditta esterna, recuperando cos\u00ec quattro unita alla guida. Chiederemo nel prossimo incontro se l&#8217;operazione risulta conveniente in termini di costi e ricavi e in tal senso giudicheremo. Di certo siamo di fronte ad una azienda fino ad oggi pubblica in ogni sua componente e, pertanto, sar\u00e0 indispensabile confrontarci con la nuova governance sul futuro piano industriale e su quali ulteriori eventuali esternalizzazioni \u00e8 intenzionata a procedere<\/i><\/span><\/span><\/span><\/span><span style=\"color: #000000\"><span style=\"font-family: Arial, sans-serif\"><span style=\"font-size: medium\"><span lang=\"it-IT\">\u201d. <\/span><\/span><\/span><\/span><\/p>\n","protected":false},"excerpt":{"rendered":"<p>\u201cSi diano informazioni corrette sui lavoratori\u201d, cos\u00ec Filt-Cgil, Fit-Cisl e Uiltrasporti bacchettando il sindaco Cateno De Luca in riferimento alle sue dichiarazioni circa la presenza all&#8217;Atm di sedicenti dipendenti inidonei alla guida che verrebbero inopportunamente impiegati all&#8217;interno dell&#8217;azienda in mansioni di ufficio. In un video postato ieri sulla sua pagina Facebook, De Luca ha infatti [&hellip;]<\/p>\n","protected":false},"author":10,"featured_media":14925,"comment_status":"closed","ping_status":"open","sticky":false,"template":"","format":"standard","meta":{"ub_ctt_via":"","_mi_skip_tracking":false},"categories":[6],"tags":[],"featured_image_src":"https:\/\/www.messinaoggi.it\/website\/wp-content\/uploads\/2018\/01\/Atm-linea-79-1.jpg","author_info":{"display_name":"Paolo Mustica","author_link":"https:\/\/www.messinaoggi.it\/website\/author\/p-mustica\/"},"digistream_id":0,"digistream":false,"_links":{"self":[{"href":"https:\/\/www.messinaoggi.it\/website\/wp-json\/wp\/v2\/posts\/23493"}],"collection":[{"href":"https:\/\/www.messinaoggi.it\/website\/wp-json\/wp\/v2\/posts"}],"about":[{"href":"https:\/\/www.messinaoggi.it\/website\/wp-json\/wp\/v2\/types\/post"}],"author":[{"embeddable":true,"href":"https:\/\/www.messinaoggi.it\/website\/wp-json\/wp\/v2\/users\/10"}],"replies":[{"embeddable":true,"href":"https:\/\/www.messinaoggi.it\/website\/wp-json\/wp\/v2\/comments?post=23493"}],"version-history":[{"count":0,"href":"https:\/\/www.messinaoggi.it\/website\/wp-json\/wp\/v2\/posts\/23493\/revisions"}],"wp:featuredmedia":[{"embeddable":true,"href":"https:\/\/www.messinaoggi.it\/website\/wp-json\/wp\/v2\/media\/14925"}],"wp:attachment":[{"href":"https:\/\/www.messinaoggi.it\/website\/wp-json\/wp\/v2\/media?parent=23493"}],"wp:term":[{"taxonomy":"category","embeddable":true,"href":"https:\/\/www.messinaoggi.it\/website\/wp-json\/wp\/v2\/categories?post=23493"},{"taxonomy":"post_tag","embeddable":true,"href":"https:\/\/www.messinaoggi.it\/website\/wp-json\/wp\/v2\/tags?post=23493"}],"curies":[{"name":"wp","href":"https:\/\/api.w.org\/{rel}","templated":true}]}}