{"id":23477,"date":"2018-08-21T14:40:09","date_gmt":"2018-08-21T12:40:09","guid":{"rendered":"http:\/\/www.messinaoggi.it\/website\/?p=23477"},"modified":"2018-08-21T14:40:09","modified_gmt":"2018-08-21T12:40:09","slug":"al-teatro-greco-del-tindari-in-arrivo-judas-the-guess-uno-spettacolo-per-due-sogni","status":"publish","type":"post","link":"https:\/\/www.messinaoggi.it\/website\/2018\/08\/21\/al-teatro-greco-del-tindari-in-arrivo-judas-the-guess-uno-spettacolo-per-due-sogni\/","title":{"rendered":"Al Teatro Greco del Tindari in arrivo Judas the guess. Uno spettacolo per due sogni"},"content":{"rendered":"<p>Inizia il countdown per uno degli spettacoli\u00a0 pi\u00f9 attesi del Teatro degli Esoscheletri di Sas\u00e0 Neri dal titolo <strong>\u201cJudas, the guess\u201d, <\/strong>in cartellone per la Biennale Internazionale di arte sacra delle credenze e religioni dell\u2019umanit\u00e0, che andr\u00e0 in scena venerd\u00ec, alle ore 21.00, nel magico scenario del Teatro Greco del Tindari. Lo spettacolo, organizzato da \u201c<strong>WISH | World International Sicilian Heritage<\/strong>\u201d in collaborazione con <strong>Assessorato Beni Culturali e Identit\u00e0 Siciliana<\/strong>,<strong> Regione Sicilia<\/strong>, e <strong>Soprintendenza Beni Culturali ed Ambientali di Messina, vedr\u00e0 sul palco <\/strong>la partecipazione delle artiste <strong>Solveig Cogliani, Chiara Modica Don\u00e0 delle Rose, Sarita Marchesi, Rosa Mundi <\/strong>e con <strong>Marcello Consiglio<\/strong>.<br \/>\nL\u2019evento sar\u00e0 altres\u00ec l\u2019occasione per salutare due straordinarie performer di Esotheatre, Marea Mammano ed Enrica La Rosa, che compongono il cast, le quali presto si trasferiranno, la prima in Irlanda\u00a0 e l\u2019altra a Bologna.<br \/>\n<img loading=\"lazy\" class=\"alignnone size-medium wp-image-23479\" src=\"http:\/\/www.messinaoggi.it\/website\/wp-content\/uploads\/2018\/08\/Enrica-La-Rosa-3-200x300.jpg\" alt=\"\" width=\"200\" height=\"300\" \/><br \/>\nAllieva di Sas\u00e0 Neri dal 2012,<strong> Enrica La Rosa<\/strong> \u00e8 uno dei volti pi\u00f9 amati sia della Compagnia dei Balocchi sia di EsosTheatre. In \u201cJudas\u201d interpreta una delle anime di Maria. Enrica \u00e8 stata ammessa alla Bernstein School of Musical Theater (BSMT) di Bologna, dove andr\u00e0 a vivere agli inizi di settembre.<br \/>\nMarea, invece, \u00a0ha superato le audizioni all\u2019Irish Film Academy, rielaborando e recitando un monologo tratto dal film &#8220;The Lovely Bones&#8221;, alla sua prima esperienza davanti ad una telecamera. Le hanno risposto: &#8220;we want you wild and delicate as you are&#8221;. \u201cAndare a vivere in Irlanda era il sogno della mia vita\u201d. Vi si trasferir\u00e0 a settembre.<br \/>\nAncora una volta sul palcoscenico corrono tutte le sfumature\u00a0 della vita e si\u00a0 realizzano i sogni pi\u00f9 grandi.<div id=\"div-gpt-ad-Messinaoggi.it-DSK-300x250-corpoart\" style=\"text-align:center;margin:0 auto;\"><\/div><\/p>\n<div id=\"videoincontent\" style=\"clear:both\";><\/div>","protected":false},"excerpt":{"rendered":"<p>Inizia il countdown per uno degli spettacoli\u00a0 pi\u00f9 attesi del Teatro degli Esoscheletri di Sas\u00e0 Neri dal titolo \u201cJudas, the guess\u201d, in cartellone per la Biennale Internazionale di arte sacra delle credenze e religioni dell\u2019umanit\u00e0, che andr\u00e0 in scena venerd\u00ec, alle ore 21.00, nel magico scenario del Teatro Greco del Tindari. Lo spettacolo, organizzato da [&hellip;]<\/p>\n","protected":false},"author":5,"featured_media":23478,"comment_status":"closed","ping_status":"open","sticky":false,"template":"","format":"standard","meta":{"ub_ctt_via":"","_mi_skip_tracking":false},"categories":[17],"tags":[],"featured_image_src":"https:\/\/www.messinaoggi.it\/website\/wp-content\/uploads\/2018\/08\/Marea-Mammano-4-1.jpg","author_info":{"display_name":"Maria Antonella Saia","author_link":"https:\/\/www.messinaoggi.it\/website\/author\/m-saia\/"},"digistream_id":0,"digistream":false,"_links":{"self":[{"href":"https:\/\/www.messinaoggi.it\/website\/wp-json\/wp\/v2\/posts\/23477"}],"collection":[{"href":"https:\/\/www.messinaoggi.it\/website\/wp-json\/wp\/v2\/posts"}],"about":[{"href":"https:\/\/www.messinaoggi.it\/website\/wp-json\/wp\/v2\/types\/post"}],"author":[{"embeddable":true,"href":"https:\/\/www.messinaoggi.it\/website\/wp-json\/wp\/v2\/users\/5"}],"replies":[{"embeddable":true,"href":"https:\/\/www.messinaoggi.it\/website\/wp-json\/wp\/v2\/comments?post=23477"}],"version-history":[{"count":0,"href":"https:\/\/www.messinaoggi.it\/website\/wp-json\/wp\/v2\/posts\/23477\/revisions"}],"wp:featuredmedia":[{"embeddable":true,"href":"https:\/\/www.messinaoggi.it\/website\/wp-json\/wp\/v2\/media\/23478"}],"wp:attachment":[{"href":"https:\/\/www.messinaoggi.it\/website\/wp-json\/wp\/v2\/media?parent=23477"}],"wp:term":[{"taxonomy":"category","embeddable":true,"href":"https:\/\/www.messinaoggi.it\/website\/wp-json\/wp\/v2\/categories?post=23477"},{"taxonomy":"post_tag","embeddable":true,"href":"https:\/\/www.messinaoggi.it\/website\/wp-json\/wp\/v2\/tags?post=23477"}],"curies":[{"name":"wp","href":"https:\/\/api.w.org\/{rel}","templated":true}]}}