{"id":23475,"date":"2018-08-21T11:46:12","date_gmt":"2018-08-21T09:46:12","guid":{"rendered":"http:\/\/www.messinaoggi.it\/website\/?p=23475"},"modified":"2018-08-21T11:46:12","modified_gmt":"2018-08-21T09:46:12","slug":"abolizione-pedaggio-a-villafranca-il-dibattito-finisce-allars-catalfamo-deposita-mozione","status":"publish","type":"post","link":"https:\/\/www.messinaoggi.it\/website\/2018\/08\/21\/abolizione-pedaggio-a-villafranca-il-dibattito-finisce-allars-catalfamo-deposita-mozione\/","title":{"rendered":"Abolizione pedaggio a Villafranca, il dibattito finisce all&#039;Ars: Catalfamo deposita mozione"},"content":{"rendered":"<p><span style=\"color: #000000;\">\u201c<span style=\"font-family: Arial, sans-serif;\"><span style=\"font-size: medium;\"><i>\u00c8 stata depositata questa mattina negli uffici dell\u2019Ars la mozione per chiedere al governo regionale la convocazione di un tavolo tecnico tra Cas e Comune di Messina al fine di procedere alla soppressione del pedaggio autostradale nella tratta Messina &#8211; Villafranca Tirrena<\/i>\u201d, cos\u00ec il capogruppo di Fratelli d\u2019Italia all&#8217;Ars Antonio Catalfamo, portando dunque il noto dibattito sull&#8217;abolizione del pedaggio autostradale a Villafranca nel cuore delle istituzioni regionali.<\/span><\/span><\/span><br \/>\n<span style=\"color: #000000;\">\u201c<span style=\"font-family: Arial, sans-serif;\"><span style=\"font-size: medium;\"><i>Negli anni passati si \u00e8 deciso di togliere il pedaggio per le altre uscite che riguardano il Comune di Messina nel tratto che \u00e8 quindi tangenziale e non autostrada. Il casello di Villafranca Tirrena, chiamato cos\u00ec impropriamente, \u00e8 un\u2019uscita che ricade sempre nel Comune di Messina e non si capisce perch\u00e9 per un tratto di appena 6 chilometri gli utenti siano costretti a pagare una cifra di 1,20 euro<\/i> &#8211; ha dichiarato Catalfamo &#8211;<i> da anni vengono ignorate le richieste degli automobilisti e addirittura una raccolta firme di quasi 10 mila utenti<\/i>\u201d.<\/span><\/span><\/span><br \/>\n<span style=\"color: #000000;\">\u201c<span style=\"font-family: Arial, sans-serif;\"><span style=\"font-size: medium;\"><i>Riteniamo doveroso dare una risposta all\u2019utenza e dirimere una volta per tutte questo sopruso considerando inoltre che da ormai dieci anni il tratto di strada tra Messina e Villafranca \u00e8 un cantiere permanente in cui la sicurezza \u00e8 stata pi\u00f9 volte drasticamente messa in secondo piano. Sopprimere il pedaggio non pareggia certo i conti perch\u00e9 vanno attuati dei lavori per la messa in sicurezza ma quanto meno si fa risparmiare qualcosa agli utenti gi\u00e0 costretti a ore di coda, restringimenti, situazioni di pericolo, in un tratto di strada che \u00e8 sempre nello stesso Comune. Non possono esistere cittadini di serie A e cittadini di serie B sopprimere il pedaggio \u00e8 un dovere istituzionale e politico che non possiamo non mantenere<\/i>\u201d.<\/span><\/span><\/span><div id=\"div-gpt-ad-Messinaoggi.it-DSK-300x250-corpoart\" style=\"text-align:center;margin:0 auto;\"><\/div><\/p>\n<div id=\"videoincontent\" style=\"clear:both\";><\/div>","protected":false},"excerpt":{"rendered":"<p>\u201c\u00c8 stata depositata questa mattina negli uffici dell\u2019Ars la mozione per chiedere al governo regionale la convocazione di un tavolo tecnico tra Cas e Comune di Messina al fine di procedere alla soppressione del pedaggio autostradale nella tratta Messina &#8211; Villafranca Tirrena\u201d, cos\u00ec il capogruppo di Fratelli d\u2019Italia all&#8217;Ars Antonio Catalfamo, portando dunque il noto [&hellip;]<\/p>\n","protected":false},"author":8,"featured_media":2178,"comment_status":"closed","ping_status":"open","sticky":false,"template":"","format":"standard","meta":{"ub_ctt_via":"","_mi_skip_tracking":false},"categories":[6],"tags":[],"featured_image_src":"https:\/\/www.messinaoggi.it\/website\/wp-content\/uploads\/2017\/06\/casello-villafranca-2.jpg","author_info":{"display_name":"red..me","author_link":"https:\/\/www.messinaoggi.it\/website\/author\/redstage\/"},"digistream_id":0,"digistream":false,"_links":{"self":[{"href":"https:\/\/www.messinaoggi.it\/website\/wp-json\/wp\/v2\/posts\/23475"}],"collection":[{"href":"https:\/\/www.messinaoggi.it\/website\/wp-json\/wp\/v2\/posts"}],"about":[{"href":"https:\/\/www.messinaoggi.it\/website\/wp-json\/wp\/v2\/types\/post"}],"author":[{"embeddable":true,"href":"https:\/\/www.messinaoggi.it\/website\/wp-json\/wp\/v2\/users\/8"}],"replies":[{"embeddable":true,"href":"https:\/\/www.messinaoggi.it\/website\/wp-json\/wp\/v2\/comments?post=23475"}],"version-history":[{"count":0,"href":"https:\/\/www.messinaoggi.it\/website\/wp-json\/wp\/v2\/posts\/23475\/revisions"}],"wp:featuredmedia":[{"embeddable":true,"href":"https:\/\/www.messinaoggi.it\/website\/wp-json\/wp\/v2\/media\/2178"}],"wp:attachment":[{"href":"https:\/\/www.messinaoggi.it\/website\/wp-json\/wp\/v2\/media?parent=23475"}],"wp:term":[{"taxonomy":"category","embeddable":true,"href":"https:\/\/www.messinaoggi.it\/website\/wp-json\/wp\/v2\/categories?post=23475"},{"taxonomy":"post_tag","embeddable":true,"href":"https:\/\/www.messinaoggi.it\/website\/wp-json\/wp\/v2\/tags?post=23475"}],"curies":[{"name":"wp","href":"https:\/\/api.w.org\/{rel}","templated":true}]}}