{"id":234472,"date":"2025-04-03T23:05:47","date_gmt":"2025-04-03T21:05:47","guid":{"rendered":"https:\/\/www.messinaoggi.it\/website\/2025\/04\/03\/dazi-meloni-scelta-sbagliata-ma-non-alimentare-allarmismi\/"},"modified":"2025-04-03T23:05:47","modified_gmt":"2025-04-03T21:05:47","slug":"dazi-meloni-scelta-sbagliata-ma-non-alimentare-allarmismi","status":"publish","type":"post","link":"https:\/\/www.messinaoggi.it\/website\/2025\/04\/03\/dazi-meloni-scelta-sbagliata-ma-non-alimentare-allarmismi\/","title":{"rendered":"Dazi, Meloni \u201cScelta sbagliata, ma non alimentare allarmismi\u201d"},"content":{"rendered":"<div>ROMA (ITALPRESS) &#8211; &#8220;<em>Penso che la scelta degli Stati Uniti sia sbagliata e che non favorisce n\u00e8 l&#8217;economia europea, n\u00e8 quella americana, ma penso anche che non dobbiamo alimentare l&#8217;allarmismo che sto sentendo in queste ore. Il mercato degli Stati Uniti \u00e8 importante per le esportazioni italiane e vale il 10% del nostro export e noi non smetteremo di esportare negli Stati Uniti. Significa che ovviamente abbiamo un altro problema che dobbiamo risolvere, ma non \u00e8 la catastrofe che alcuni stanno raccontando&#8221;.<\/em> Lo ha detto la premier <strong>Giorgia Meloni<\/strong> intervistata dal <em>Tg1<\/em> a proposito dei dazi imposti da <strong>Trump<\/strong>.<div id=\"div-gpt-ad-Messinaoggi.it-DSK-300x250-corpoart\" style=\"text-align:center;margin:0 auto;\"><\/div><\/p>\n<p><em>&#8220;Le opposizioni fanno il loro lavoro &#8211;<\/em> ha aggiunto<em> -, per\u00f2 da loro attualmente non \u00e8 arrivata neanche una proposta. Dobbiamo fare uno studio sull&#8217;impatto reale che, settore per settore, ha questa scelta. Ci confronteremo la settimana prossima con i rappresentati delle categorie produttive per confrontare anche con le loro stime che hanno loro, cercando le soluzioni migliori. Dopodich\u00e8 bisogna condividere le nostre proposte con i partner europei e qui s\u00ec che possono esserci scelte diverse. Ad esempio io non sono convinta che la scelta migliore sia quella di rispondere a dazi con altri dazi perch\u00e8 l&#8217;impatto potrebbe essere maggiore sulla nostra economia rispetto a quello che accade fuori dai nostri confini e bisogna aprire una discussione franca, nel merito con gli americani, con l&#8217;obiettivo di arrivare a rimuovere i dazi, non a moltiplicarli&#8221;. <\/em><div id=\"videoincontent\" style=\"clear:both\";><\/div><\/p>\n<p><em>&#8220;Il ruolo dell&#8217;Italia \u00e8 portare gli interessi italiani in Europa, perch\u00e8 noi trattiamo con gli americani c&#8217;\u00e8 molto da fare per rimuovere i dazi che l&#8217;Ue si \u00e8 autoimposta, come le regole sul settore dell&#8217;automotive del green deal, l&#8217;energia, la semplificazione e la revisione del patto di stabilit\u00e0. Questa \u00e8 la proposta che l&#8217;Italia porter\u00e0 in Europa&#8221;<\/em> ha concluso <strong>Meloni<\/strong>.<\/p>\n<p>&#8211; Foto IPA Agency &#8211;<\/p>\n<p>(ITALPRESS)<\/p><\/div>\n","protected":false},"excerpt":{"rendered":"<p>ROMA (ITALPRESS) &#8211; &#8220;Penso che la scelta degli Stati Uniti sia sbagliata e che non favorisce n\u00e8 l&#8217;economia europea, n\u00e8 quella americana, ma penso anche che non dobbiamo alimentare l&#8217;allarmismo che sto sentendo in queste ore. Il mercato degli Stati Uniti \u00e8 importante per le esportazioni italiane e vale il 10% del nostro export e [&hellip;]<\/p>\n","protected":false},"author":18,"featured_media":234473,"comment_status":"closed","ping_status":"closed","sticky":false,"template":"","format":"standard","meta":{"ub_ctt_via":"","_mi_skip_tracking":false},"categories":[446],"tags":[783],"featured_image_src":"https:\/\/www.messinaoggi.it\/website\/wp-content\/uploads\/2025\/04\/20250403_2952.jpg","author_info":{"display_name":"Admin","author_link":"https:\/\/www.messinaoggi.it\/website\/author\/admin\/"},"digistream_id":0,"digistream":false,"_links":{"self":[{"href":"https:\/\/www.messinaoggi.it\/website\/wp-json\/wp\/v2\/posts\/234472"}],"collection":[{"href":"https:\/\/www.messinaoggi.it\/website\/wp-json\/wp\/v2\/posts"}],"about":[{"href":"https:\/\/www.messinaoggi.it\/website\/wp-json\/wp\/v2\/types\/post"}],"author":[{"embeddable":true,"href":"https:\/\/www.messinaoggi.it\/website\/wp-json\/wp\/v2\/users\/18"}],"replies":[{"embeddable":true,"href":"https:\/\/www.messinaoggi.it\/website\/wp-json\/wp\/v2\/comments?post=234472"}],"version-history":[{"count":0,"href":"https:\/\/www.messinaoggi.it\/website\/wp-json\/wp\/v2\/posts\/234472\/revisions"}],"wp:featuredmedia":[{"embeddable":true,"href":"https:\/\/www.messinaoggi.it\/website\/wp-json\/wp\/v2\/media\/234473"}],"wp:attachment":[{"href":"https:\/\/www.messinaoggi.it\/website\/wp-json\/wp\/v2\/media?parent=234472"}],"wp:term":[{"taxonomy":"category","embeddable":true,"href":"https:\/\/www.messinaoggi.it\/website\/wp-json\/wp\/v2\/categories?post=234472"},{"taxonomy":"post_tag","embeddable":true,"href":"https:\/\/www.messinaoggi.it\/website\/wp-json\/wp\/v2\/tags?post=234472"}],"curies":[{"name":"wp","href":"https:\/\/api.w.org\/{rel}","templated":true}]}}