{"id":234448,"date":"2025-04-03T19:05:41","date_gmt":"2025-04-03T17:05:41","guid":{"rendered":"https:\/\/www.messinaoggi.it\/website\/2025\/04\/03\/landini-chi-vota-ai-referendum-vota-per-se-stesso\/"},"modified":"2025-04-03T19:05:41","modified_gmt":"2025-04-03T17:05:41","slug":"landini-chi-vota-ai-referendum-vota-per-se-stesso","status":"publish","type":"post","link":"https:\/\/www.messinaoggi.it\/website\/2025\/04\/03\/landini-chi-vota-ai-referendum-vota-per-se-stesso\/","title":{"rendered":"Landini \u201cChi vota ai referendum vota per s\u00e8 stesso\u201d"},"content":{"rendered":"<div>ROMA (ITALPRESS) &#8211; In due anni e mezzo di governo, 1 milione di posti di lavoro in pi\u00f9? <em>&#8220;Sono balle, propaganda pura. Se andiamo a vedere sono lavori precari. Considerano occupato anche chi lavora una settimana al mese. Sono lavori precari ed \u00e8 aumentata la povert\u00e0 nel lavoro&#8221;.<\/em> Cos\u00ec Maurizio <strong>Landini,<\/strong> ospite nella puntata di Piero Chiambretti a &#8220;Fin che la barca va&#8221; in onda su Rai 3.<div id=\"div-gpt-ad-Messinaoggi.it-DSK-300x250-corpoart\" style=\"text-align:center;margin:0 auto;\"><\/div><\/p>\n<p><em>&#8220;Le pi\u00f9 penalizzate sono le donne<\/em> &#8211; ha aggiunto il segretario generale della Cgil &#8211; <em>che devono essere messe nelle condizioni, anche se fanno figli, di non essere licenziate o discriminate. Spesso non possono fare straordinari e quindi non prendono premi di produzione, bisogna introdurre una cultura dell&#8217;organizzazione del lavoro che tenga conto di queste diversit\u00e0&#8221;.<\/em><div id=\"videoincontent\" style=\"clear:both\";><\/div><\/p>\n<p><em>&#8220;Andare a votare l&#8217;8 e il 9 giugno per i Referendum<\/em> &#8211; ha concluso Landini &#8211;<em> \u00e8 importante per dare diritti a persone che non ce l&#8217;hanno, per dare la cittadinanza a due milioni e mezzo di lavoratori, per tutelare le persone contro le morti sul lavoro; chi vota il referendum non vota per un partito o per un governo, ma vota per s\u00e8 stesso&#8221;.<\/em><\/p>\n<p>-foto Ipa Agency &#8211;<\/p>\n<p>(ITALPRESS).<\/p><\/div>\n","protected":false},"excerpt":{"rendered":"<p>ROMA (ITALPRESS) &#8211; In due anni e mezzo di governo, 1 milione di posti di lavoro in pi\u00f9? &#8220;Sono balle, propaganda pura. Se andiamo a vedere sono lavori precari. Considerano occupato anche chi lavora una settimana al mese. Sono lavori precari ed \u00e8 aumentata la povert\u00e0 nel lavoro&#8221;. Cos\u00ec Maurizio Landini, ospite nella puntata di [&hellip;]<\/p>\n","protected":false},"author":18,"featured_media":234449,"comment_status":"closed","ping_status":"closed","sticky":false,"template":"","format":"standard","meta":{"ub_ctt_via":"","_mi_skip_tracking":false},"categories":[446],"tags":[783],"featured_image_src":"https:\/\/www.messinaoggi.it\/website\/wp-content\/uploads\/2025\/04\/20250403_2153.jpg","author_info":{"display_name":"Admin","author_link":"https:\/\/www.messinaoggi.it\/website\/author\/admin\/"},"digistream_id":0,"digistream":false,"_links":{"self":[{"href":"https:\/\/www.messinaoggi.it\/website\/wp-json\/wp\/v2\/posts\/234448"}],"collection":[{"href":"https:\/\/www.messinaoggi.it\/website\/wp-json\/wp\/v2\/posts"}],"about":[{"href":"https:\/\/www.messinaoggi.it\/website\/wp-json\/wp\/v2\/types\/post"}],"author":[{"embeddable":true,"href":"https:\/\/www.messinaoggi.it\/website\/wp-json\/wp\/v2\/users\/18"}],"replies":[{"embeddable":true,"href":"https:\/\/www.messinaoggi.it\/website\/wp-json\/wp\/v2\/comments?post=234448"}],"version-history":[{"count":0,"href":"https:\/\/www.messinaoggi.it\/website\/wp-json\/wp\/v2\/posts\/234448\/revisions"}],"wp:featuredmedia":[{"embeddable":true,"href":"https:\/\/www.messinaoggi.it\/website\/wp-json\/wp\/v2\/media\/234449"}],"wp:attachment":[{"href":"https:\/\/www.messinaoggi.it\/website\/wp-json\/wp\/v2\/media?parent=234448"}],"wp:term":[{"taxonomy":"category","embeddable":true,"href":"https:\/\/www.messinaoggi.it\/website\/wp-json\/wp\/v2\/categories?post=234448"},{"taxonomy":"post_tag","embeddable":true,"href":"https:\/\/www.messinaoggi.it\/website\/wp-json\/wp\/v2\/tags?post=234448"}],"curies":[{"name":"wp","href":"https:\/\/api.w.org\/{rel}","templated":true}]}}