{"id":234446,"date":"2025-04-03T19:05:39","date_gmt":"2025-04-03T17:05:39","guid":{"rendered":"https:\/\/www.messinaoggi.it\/website\/2025\/04\/03\/dazi-tajani-consegna-a-sefcovic-lista-prodotti-italiani-da-tutelare\/"},"modified":"2025-04-03T19:05:39","modified_gmt":"2025-04-03T17:05:39","slug":"dazi-tajani-consegna-a-sefcovic-lista-prodotti-italiani-da-tutelare","status":"publish","type":"post","link":"https:\/\/www.messinaoggi.it\/website\/2025\/04\/03\/dazi-tajani-consegna-a-sefcovic-lista-prodotti-italiani-da-tutelare\/","title":{"rendered":"Dazi, Tajani consegna a Sefcovic lista prodotti italiani da tutelare"},"content":{"rendered":"<div>BRUXELLES (BELGIO) (ITALPRESS) &#8211; <em>&#8220;Ho consegnato al commissario Sefcovic una lista di prodotti italiani sui quali bisogna intervenire affinch\u00e8 possano essere tutelati&#8221;<\/em> nella trattativa che ci sar\u00e0 all&#8217;interno dell&#8217;Unione europea in vista della decisione del Consiglio di luned\u00ec a Lussemburgo. Lo ha dichiarato il vicepremier e ministro degli Esteri, Antonio <strong>Tajani,<\/strong> in un punto stampa con i giornalisti dopo l&#8217;incontro avuto con il commissario Ue al Commercio, Maros <strong>Sefcovic.<\/strong> Tajani ha menzionato, tra gli altri, la produzione vinicola, i motocicli, i settori che riguardano la gioielleria e le pietre preziose.<div id=\"div-gpt-ad-Messinaoggi.it-DSK-300x250-corpoart\" style=\"text-align:center;margin:0 auto;\"><\/div><\/p>\n<p>La lista contiene &#8220;una trentina di punti&#8221;, ha precisato il titolare della Farnesina. Rispondendo a una domanda dei giornalisti, Tajani ha poi detto di ritenere che, con la decisione di introdurre un nuovo sistema tariffario, &#8220;gli Stati Uniti vogliano puntare sul rafforzamento&#8221; della produzione industriale in America.<em> &#8220;Questa \u00e8 la loro posizione, noi siamo italiani ed europei, dobbiamo tutelare le nostre imprese in un rapporto positivo. Il mio disegno sarebbe quello di avere un mercato unico transatlantico, zero tariffe di qua e zero tariffe di l\u00e0. Quello sarebbe il modo migliore per sviluppare il commercio e rinforzare la posizione dell&#8217;Occidente&#8221;,<\/em> ha concluso il ministro.<div id=\"videoincontent\" style=\"clear:both\";><\/div><\/p>\n<p>-Foto: Farnesina-<\/p>\n<p>(ITALPRESS).<\/p><\/div>\n","protected":false},"excerpt":{"rendered":"<p>BRUXELLES (BELGIO) (ITALPRESS) &#8211; &#8220;Ho consegnato al commissario Sefcovic una lista di prodotti italiani sui quali bisogna intervenire affinch\u00e8 possano essere tutelati&#8221; nella trattativa che ci sar\u00e0 all&#8217;interno dell&#8217;Unione europea in vista della decisione del Consiglio di luned\u00ec a Lussemburgo. Lo ha dichiarato il vicepremier e ministro degli Esteri, Antonio Tajani, in un punto stampa [&hellip;]<\/p>\n","protected":false},"author":18,"featured_media":234447,"comment_status":"closed","ping_status":"closed","sticky":false,"template":"","format":"standard","meta":{"ub_ctt_via":"","_mi_skip_tracking":false},"categories":[446],"tags":[783],"featured_image_src":"https:\/\/www.messinaoggi.it\/website\/wp-content\/uploads\/2025\/04\/20250403_1326.jpg","author_info":{"display_name":"Admin","author_link":"https:\/\/www.messinaoggi.it\/website\/author\/admin\/"},"digistream_id":0,"digistream":false,"_links":{"self":[{"href":"https:\/\/www.messinaoggi.it\/website\/wp-json\/wp\/v2\/posts\/234446"}],"collection":[{"href":"https:\/\/www.messinaoggi.it\/website\/wp-json\/wp\/v2\/posts"}],"about":[{"href":"https:\/\/www.messinaoggi.it\/website\/wp-json\/wp\/v2\/types\/post"}],"author":[{"embeddable":true,"href":"https:\/\/www.messinaoggi.it\/website\/wp-json\/wp\/v2\/users\/18"}],"replies":[{"embeddable":true,"href":"https:\/\/www.messinaoggi.it\/website\/wp-json\/wp\/v2\/comments?post=234446"}],"version-history":[{"count":0,"href":"https:\/\/www.messinaoggi.it\/website\/wp-json\/wp\/v2\/posts\/234446\/revisions"}],"wp:featuredmedia":[{"embeddable":true,"href":"https:\/\/www.messinaoggi.it\/website\/wp-json\/wp\/v2\/media\/234447"}],"wp:attachment":[{"href":"https:\/\/www.messinaoggi.it\/website\/wp-json\/wp\/v2\/media?parent=234446"}],"wp:term":[{"taxonomy":"category","embeddable":true,"href":"https:\/\/www.messinaoggi.it\/website\/wp-json\/wp\/v2\/categories?post=234446"},{"taxonomy":"post_tag","embeddable":true,"href":"https:\/\/www.messinaoggi.it\/website\/wp-json\/wp\/v2\/tags?post=234446"}],"curies":[{"name":"wp","href":"https:\/\/api.w.org\/{rel}","templated":true}]}}