{"id":234406,"date":"2025-04-03T14:05:48","date_gmt":"2025-04-03T12:05:48","guid":{"rendered":"https:\/\/www.messinaoggi.it\/website\/2025\/04\/03\/gusto-e-creativita-alla-milano-design-week-con-il-kelloggs-extra-hub\/"},"modified":"2025-04-03T14:05:48","modified_gmt":"2025-04-03T12:05:48","slug":"gusto-e-creativita-alla-milano-design-week-con-il-kelloggs-extra-hub","status":"publish","type":"post","link":"https:\/\/www.messinaoggi.it\/website\/2025\/04\/03\/gusto-e-creativita-alla-milano-design-week-con-il-kelloggs-extra-hub\/","title":{"rendered":"Gusto e creativit\u00e0 alla Milano Design Week con il Kellogg\u2019s EXTRA Hub"},"content":{"rendered":"<div>MILANO (ITALPRESS) &#8211; Kellogg&#8217;s Extra torna alla Milano Design Week con il Kellogg&#8217;s EXTRA Hub, un&#8217;esperienza immersiva che unisce gusto e creativit\u00e0. Dall&#8217;8 al 13 aprile, l&#8217;EXTRA Hub prender\u00e0 vita all&#8217;Hangar Voghera, in zona Tortona, regalando ai visitatori un percorso multisensoriale che celebra il piacere dei piccoli momenti di gioia quotidiana. L&#8217;Hub ospiter\u00e0 anche una mostra artistica inedita di sei tazze, frutto della creativit\u00e0 di sei artisti di talento e dell&#8217;avanguardia di sei ingegneri di intelligenza artificiale. Opere che rappresentano l&#8217;incontro tra arte e innovazione: gli ingredienti distintivi della Granola prenderanno vita attraverso ologrammi sospesi su tazze ideate con il supporto dell&#8217;IA e realizzate da stampanti 3D, e decorate a mano.<br \/>L&#8217;EXTRA Hub \u00e8 un luogo di scoperta, con installazioni ispirate agli ingredienti della Granola: i visitatori potranno immortalare il loro viaggio nell&#8217;universo di EXTRA, scattando foto ricordo grazie a strumenti di realt\u00e0 aumentata, in linea con il tema della Milano Design Week 2025, &#8220;Mondi Connessi&#8221;.<br \/>L&#8217;EXTRA Hub \u00e8 anche uno spazio dove esprimere la propria creativit\u00e0: ogni giorno, in collaborazione con Mani Milano Lab, i visitatori dell&#8217;Hub potranno partecipare a laboratori di ceramica, personalizzando la propria tazza da colazione con parole e immagini che rappresentano le loro piccole gioie quotidiane. Ma non solo. Nell&#8217;area tasting, i visitatori potranno assaggiare il gusto di EXTRA; ogni visitatore potr\u00e0, poi, lasciare un messaggio sull&#8217;installazione collettiva &#8220;trame di gioia&#8221; dell&#8217;EXTRA Hub, per esprimere emozioni e pensieri.<br \/>&#8220;Siamo felici di riportare il nostro Kellogg&#8217;s EXTRA Hub alla Milano Design Week per il secondo anno consecutivo, regalando ai nostri consumatori un&#8217;esperienza coinvolgente che celebra la passione per la creativit\u00e0 &#8211; commenta Elisa Tudino, Activation Brand Lead Italia di Kellanova -. E questa \u00e8 solo la prima tappa di un viaggio che ci accompagner\u00e0 per tutto il 2025, un percorso all&#8217;insegna di gusto e ispirazione, con cui continueremo a creare momenti di gioia EXTRAordinaria&#8221;.<div id=\"div-gpt-ad-Messinaoggi.it-DSK-300x250-corpoart\" style=\"text-align:center;margin:0 auto;\"><\/div><\/p>\n<p>&#8211; foto ufficio stampa Weber Shandwick per Kellanova &#8211; <div id=\"videoincontent\" style=\"clear:both\";><\/div><\/p>\n<p>(ITALPRESS).<\/p><\/div>\n","protected":false},"excerpt":{"rendered":"<p>MILANO (ITALPRESS) &#8211; Kellogg&#8217;s Extra torna alla Milano Design Week con il Kellogg&#8217;s EXTRA Hub, un&#8217;esperienza immersiva che unisce gusto e creativit\u00e0. Dall&#8217;8 al 13 aprile, l&#8217;EXTRA Hub prender\u00e0 vita all&#8217;Hangar Voghera, in zona Tortona, regalando ai visitatori un percorso multisensoriale che celebra il piacere dei piccoli momenti di gioia quotidiana. L&#8217;Hub ospiter\u00e0 anche una [&hellip;]<\/p>\n","protected":false},"author":18,"featured_media":234407,"comment_status":"closed","ping_status":"closed","sticky":false,"template":"","format":"standard","meta":{"ub_ctt_via":"","_mi_skip_tracking":false},"categories":[446],"tags":[783],"featured_image_src":"https:\/\/www.messinaoggi.it\/website\/wp-content\/uploads\/2025\/04\/20250403_0731.jpg","author_info":{"display_name":"Admin","author_link":"https:\/\/www.messinaoggi.it\/website\/author\/admin\/"},"digistream_id":0,"digistream":false,"_links":{"self":[{"href":"https:\/\/www.messinaoggi.it\/website\/wp-json\/wp\/v2\/posts\/234406"}],"collection":[{"href":"https:\/\/www.messinaoggi.it\/website\/wp-json\/wp\/v2\/posts"}],"about":[{"href":"https:\/\/www.messinaoggi.it\/website\/wp-json\/wp\/v2\/types\/post"}],"author":[{"embeddable":true,"href":"https:\/\/www.messinaoggi.it\/website\/wp-json\/wp\/v2\/users\/18"}],"replies":[{"embeddable":true,"href":"https:\/\/www.messinaoggi.it\/website\/wp-json\/wp\/v2\/comments?post=234406"}],"version-history":[{"count":0,"href":"https:\/\/www.messinaoggi.it\/website\/wp-json\/wp\/v2\/posts\/234406\/revisions"}],"wp:featuredmedia":[{"embeddable":true,"href":"https:\/\/www.messinaoggi.it\/website\/wp-json\/wp\/v2\/media\/234407"}],"wp:attachment":[{"href":"https:\/\/www.messinaoggi.it\/website\/wp-json\/wp\/v2\/media?parent=234406"}],"wp:term":[{"taxonomy":"category","embeddable":true,"href":"https:\/\/www.messinaoggi.it\/website\/wp-json\/wp\/v2\/categories?post=234406"},{"taxonomy":"post_tag","embeddable":true,"href":"https:\/\/www.messinaoggi.it\/website\/wp-json\/wp\/v2\/tags?post=234406"}],"curies":[{"name":"wp","href":"https:\/\/api.w.org\/{rel}","templated":true}]}}