{"id":234341,"date":"2025-04-03T00:15:49","date_gmt":"2025-04-02T22:15:49","guid":{"rendered":"https:\/\/www.messinaoggi.it\/website\/2025\/04\/02\/editoria-nuovo-restyling-per-gazzetta-del-sud-e-giornale-di-sicilia\/"},"modified":"2025-04-03T10:20:49","modified_gmt":"2025-04-03T08:20:49","slug":"editoria-nuovo-restyling-per-gazzetta-del-sud-e-giornale-di-sicilia","status":"publish","type":"post","link":"https:\/\/www.messinaoggi.it\/website\/2025\/04\/03\/editoria-nuovo-restyling-per-gazzetta-del-sud-e-giornale-di-sicilia\/","title":{"rendered":"Editoria, nuovo restyling per Gazzetta del Sud e Giornale di Sicilia"},"content":{"rendered":"<div>\n<p>ROMA (ITALPRESS) \u2013 Un restyling grafico e una nuova linea editoriale dei quotidiani <em>Gazzetta del Sud<\/em> e <em>Giornale di Sicilia<\/em>, sono stati presentati oggi presso la Sala del Refettorio di Palazzo San Macuto da <strong>Lino Morgante<\/strong>, presidente e direttore editoriale di <strong>Societ\u00e0 Editrice Sud Gazzetta del Sud Giornale di Sicilia<\/strong>; <strong>Nino Rizzo Nervo<\/strong>, direttore responsabile della<em> Gazzetta del Sud<\/em>; e <strong>Marco Romano<\/strong>, direttore responsabile del <em>Giornale di Sicilia<\/em>. A fare i saluti istituzionali <strong>Alberto Barachini<\/strong>, <strong>sottosegretario con delega all\u2019Editoria<\/strong>; il <strong>presidente della Regione Siciliana<\/strong>, <strong>Renato Schifani<\/strong>; il <strong>vicepresidente della Camera<\/strong>, <strong>Giorgio Mule<\/strong>.<div id=\"div-gpt-ad-Messinaoggi.it-DSK-300x250-corpoart\" style=\"text-align:center;margin:0 auto;\"><\/div><\/p>\n<p><em>\u201cL\u2019editoria vive sicuramente un momento di cambiamento, un momento non facile ma anche stimolante. Fare un restyling e avviare un\u2019innovazione del proprio linguaggio e del proprio formato, anche grafico, \u00e8 fondamentale perch\u00e9 oggi anche i gusti dei cittadini sul come e dove informarsi stanno cambiando. <\/em><em>Una realt\u00e0 editoriale che sceglie di andare incontro a questa novit\u00e0 e ritrovare un pubblico, magari anche di et\u00e0 giovanile, \u00e8 centrale perch\u00e9 \u00e8 centrale che soprattutto i giovani crescano nella coscienza democratica, critica e nel rapporto con il giornalismo professionale\u201d.<\/em> Cos\u00ec il <strong>sottosegretario di Stato al Dipartimento per l\u2019Informazione e l\u2019Editoria<\/strong>, <strong>Alberto Barachini<\/strong>, ricordando l\u2019impegno del governo sul fronte dei sostegni pubblici all\u2019informazione.<div id=\"videoincontent\" style=\"clear:both\";><\/div><\/p>\n<p><em>\u201cAbbiamo sostegni diretti e indiretti per tutta la filiera editoriale, sosteniamo il lavoro delle agenzie di stampa e stiamo varando nuove misure come quella a sostegno delle edicole. Lavoriamo molto per ridurre i potenziali impatti negativi dell\u2019intelligenza artificiale sul mondo dell\u2019informazione, uno strumento che va ponderato grazie ai giornalisti e agli editori responsabili\u201d<\/em>, aggiunge. Il presidente Schifani si dice molto soddisfatto \u201cper questa iniziativa che serve a dimostrare la dinamicit\u00e0 di una rete di quotidiani. Un\u2019editoria viva e che investe, anche rischiando, per cui merita la nostra attenzione per la buona informazione che realizza\u201d.<\/p>\n<p>Il presidente <strong>Morgante<\/strong> racconta l\u2019impegno speso sulla multipiattaforma, <em>\u201cma riteniamo la carta stampata ancora strategica, un investimento per il futuro e un atto di fiducia in un momento particolare. Sappiamo che i media in generale sono un po\u2019 in crisi, ma noi crediamo in questo mezzo. Un investimento per il futuro e un atto di fiducia per la carta stampata che \u00e8 e sar\u00e0 sempre punto di riferimento per l\u2019informazione. Bisogna adeguare la carta stampata ai tempi e deve essere un percorso guidato all\u2019informazione. Non si tratta solo di un restyling grafico, si tratta anche di proporre in maniera diversa i nuovi contenuti. Credo che sia questa la strada giusta da intraprendere\u201d<\/em>, spiega.<\/p>\n<p>Afferma <strong>Marco Romano<\/strong>, direttore responsabile del <em>Giornale di Sicilia<\/em>, racconta del lungo cammino del quotidiano <em>\u201cche ha raccontato la Sicilia per oltre 165 anni e ha raccontato l\u2019Italia prima ancora che fosse unit\u00e0. Una storia che ci portiamo dietro guardando al futuro con ottimismo. Non credo che un restyling grafico ci faccia guadagnare lettori, ma dimostra che siamo vivi e che continuano a combattere la nostra battaglia. Un giornale che vuole far comprendere tutto ci\u00f2 che conosciamo gi\u00e0, fare cronaca \u00e8 complicato su un cartaceo, allora la sfida \u00e8 far comprendere, fare analisi, approfondimenti e reportage\u201d<\/em>, conclude.<\/p>\n<p>Infine, <strong>Nino Rizzo Nervo<\/strong>, direttore della <em>Gazzetta del Sud<\/em>, ricorda come il racconto del mezzogiorno venga fatto <em>\u201cda pi\u00f9 70 anni per la Gazzetta e per il Giornale di Sicilia addirittura da 165 anni. Il racconto non cambia perch\u00e9 un giornale deve raccontare ci\u00f2 che succede e cercare far riflettere il lettore. Il nuovo progetto grafico che presentiamo ha una lettera pi\u00f9 semplice per alcune notizie e pi\u00f9 approfondite per altre\u201d<\/em>, conclude.<\/p>\n<p>\u2013 Foto xb1\/Italpress \u2013<\/p>\n<p>(ITALPRESS).<\/p>\n<\/div>\n","protected":false},"excerpt":{"rendered":"<p>ROMA (ITALPRESS) \u2013 Un restyling grafico e una nuova linea editoriale dei quotidiani Gazzetta del Sud e Giornale di Sicilia, sono stati presentati oggi presso la Sala del Refettorio di Palazzo San Macuto da Lino Morgante, presidente e direttore editoriale di Societ\u00e0 Editrice Sud Gazzetta del Sud Giornale di Sicilia; Nino Rizzo Nervo, direttore responsabile [&hellip;]<\/p>\n","protected":false},"author":18,"featured_media":234342,"comment_status":"closed","ping_status":"closed","sticky":false,"template":"","format":"standard","meta":{"ub_ctt_via":"","_mi_skip_tracking":false},"categories":[11,2449],"tags":[783],"featured_image_src":"https:\/\/www.messinaoggi.it\/website\/wp-content\/uploads\/2025\/04\/editoria-gazzetta-sud-giornale-sicilia-e1743608391231.jpg","author_info":{"display_name":"Admin","author_link":"https:\/\/www.messinaoggi.it\/website\/author\/admin\/"},"digistream_id":0,"digistream":false,"_links":{"self":[{"href":"https:\/\/www.messinaoggi.it\/website\/wp-json\/wp\/v2\/posts\/234341"}],"collection":[{"href":"https:\/\/www.messinaoggi.it\/website\/wp-json\/wp\/v2\/posts"}],"about":[{"href":"https:\/\/www.messinaoggi.it\/website\/wp-json\/wp\/v2\/types\/post"}],"author":[{"embeddable":true,"href":"https:\/\/www.messinaoggi.it\/website\/wp-json\/wp\/v2\/users\/18"}],"replies":[{"embeddable":true,"href":"https:\/\/www.messinaoggi.it\/website\/wp-json\/wp\/v2\/comments?post=234341"}],"version-history":[{"count":1,"href":"https:\/\/www.messinaoggi.it\/website\/wp-json\/wp\/v2\/posts\/234341\/revisions"}],"predecessor-version":[{"id":234383,"href":"https:\/\/www.messinaoggi.it\/website\/wp-json\/wp\/v2\/posts\/234341\/revisions\/234383"}],"wp:featuredmedia":[{"embeddable":true,"href":"https:\/\/www.messinaoggi.it\/website\/wp-json\/wp\/v2\/media\/234342"}],"wp:attachment":[{"href":"https:\/\/www.messinaoggi.it\/website\/wp-json\/wp\/v2\/media?parent=234341"}],"wp:term":[{"taxonomy":"category","embeddable":true,"href":"https:\/\/www.messinaoggi.it\/website\/wp-json\/wp\/v2\/categories?post=234341"},{"taxonomy":"post_tag","embeddable":true,"href":"https:\/\/www.messinaoggi.it\/website\/wp-json\/wp\/v2\/tags?post=234341"}],"curies":[{"name":"wp","href":"https:\/\/api.w.org\/{rel}","templated":true}]}}