{"id":234294,"date":"2025-04-02T16:05:43","date_gmt":"2025-04-02T14:05:43","guid":{"rendered":"https:\/\/www.messinaoggi.it\/website\/2025\/04\/02\/bayer-de-spirito-fondamentale-dialogo-con-associazioni-dei-pazienti\/"},"modified":"2025-04-02T16:05:43","modified_gmt":"2025-04-02T14:05:43","slug":"bayer-de-spirito-fondamentale-dialogo-con-associazioni-dei-pazienti","status":"publish","type":"post","link":"https:\/\/www.messinaoggi.it\/website\/2025\/04\/02\/bayer-de-spirito-fondamentale-dialogo-con-associazioni-dei-pazienti\/","title":{"rendered":"Bayer, De Spirito \u201cFondamentale dialogo con associazioni dei pazienti\u201d"},"content":{"rendered":"<div>MILANO (ITALPRESS) &#8211; &#8220;Il paziente al centro non \u00e8 un esercizio di stile, ma deve essere una scelta di paradigma. In Bayer significa partire dalla persona, identificare i bisogni clinici, emotivi e familiari per creare dei percorsi di valore, con l&#8217;obiettivo di garantire benessere al paziente e anche alla comunit\u00e0, alla societ\u00e0. Dobbiamo guardare il paziente come a una parte della societ\u00e0 in cui viviamo: questo per me rappresenta mettere il paziente al centro&#8221;. Lo ha detto Danilo De Spirito, Market Innovation Access, Regulatory &amp; Tender Head di Bayer Italia, intervistato da Claudio Brachino per la rubrica Primo Piano dell&#8217;agenzia Italpress.<br \/>&#8220;La cosa principale per noi \u00e8 ascoltare veramente il paziente, per poter poi modellare i nostri programmi: dalla voce del paziente andiamo a sviluppare delle innovazioni terapeutiche in linea con i suoi bisogni e dei modelli assistenziali. Per esempio, siamo impegnati in aree terapeutiche dove la qualit\u00e0 di vita \u00e8 un driver fondamentale, come l&#8217;emofilia. Insieme al farmaco, abbiamo supportato e sviluppato dei Patient support program per facilitare la gestione della malattia da parte del paziente e dei clinici. E&#8217; fondamentale il nostro dialogo con le associazioni dei pazienti&#8221;, ha ricordato.<br \/>&#8220;I Patient Reported Outcome sono delle leve che utilizziamo da un p\u00f2 di tempo per modellare i nostri programmi di ricerca e sviluppo: significa andare a capire quali sono gli outcome che il paziente si aspetta e capire come possiamo modellare i nostri programmi, nella logica di definire una strategia proprio su misura dei pazienti&#8221;, ha sottolineato.<br \/>&#8220;Come azienda farmaceutica abbiamo la grande opportunit\u00e0 di umanizzare la comunicazione ai pazienti: in Bayer siamo impegnati a creare dei contesti anche di comunicazione che sia chiara, trasparente, ma anche umanizzata, in linea con quello che \u00e8 la possibilit\u00e0 di apprendimento. Oggi i pazienti guardano su internet le notizie, si informano: il comparto farmaceutico ha l&#8217;opportunit\u00e0 di poter evitare che il paziente si informi in modo sbagliato. Una comunicazione chiara si fa tramite una stretta collaborazione e comunicazione&#8221;. <br \/>Il dialogo costante riguarda anche i medici. &#8220;Post-approvazione significa che una volta che abbiamo il farmaco disponibile sul mercato, l&#8217;azienda continua a fare comunicazione e informazione, in particolare verso la classe medica. Di recente abbiamo cambiato il nostro paradigma di approccio con tutto il sistema sanitario: oggi Bayer si \u00e8 impegnata a essere una parte attiva, parliamo con le direzioni generali, con le direzioni nazionali, con le aziende nazionali e regionali, con le associazioni di categoria, quindi con i clinici, con le societ\u00e0 scientifiche e poi con le associazioni dei pazienti. Tutto questo percorso significa continuare a dialogare anche dopo che il farmaco \u00e8 immesso nel mercato, continuando questa cultura e questa informazione&#8221;. Inoltre &#8220;siamo impegnati a supporto dei clinici su attivit\u00e0 di formazione e dialogo, abbiamo realizzato dei progetti su come poter far dialogare il clinico e il paziente in maniera molto pi\u00f9 umana e molto pi\u00f9 efficace: \u00e8 un elemento molto delicato nelle aree terapeutiche dell&#8217;oncologia, in cui la relazione tra clinico e paziente \u00e8 importante&#8221;.<div id=\"div-gpt-ad-Messinaoggi.it-DSK-300x250-corpoart\" style=\"text-align:center;margin:0 auto;\"><\/div><\/p>\n<p>&#8211; Foto Italpress &#8211;<div id=\"videoincontent\" style=\"clear:both\";><\/div><\/p>\n<p>(ITALPRESS).<\/p><\/div>\n","protected":false},"excerpt":{"rendered":"<p>MILANO (ITALPRESS) &#8211; &#8220;Il paziente al centro non \u00e8 un esercizio di stile, ma deve essere una scelta di paradigma. In Bayer significa partire dalla persona, identificare i bisogni clinici, emotivi e familiari per creare dei percorsi di valore, con l&#8217;obiettivo di garantire benessere al paziente e anche alla comunit\u00e0, alla societ\u00e0. Dobbiamo guardare il [&hellip;]<\/p>\n","protected":false},"author":18,"featured_media":234295,"comment_status":"closed","ping_status":"closed","sticky":false,"template":"","format":"standard","meta":{"ub_ctt_via":"","_mi_skip_tracking":false},"categories":[446],"tags":[783],"featured_image_src":"https:\/\/www.messinaoggi.it\/website\/wp-content\/uploads\/2025\/04\/20250402_0978.jpg","author_info":{"display_name":"Admin","author_link":"https:\/\/www.messinaoggi.it\/website\/author\/admin\/"},"digistream_id":0,"digistream":false,"_links":{"self":[{"href":"https:\/\/www.messinaoggi.it\/website\/wp-json\/wp\/v2\/posts\/234294"}],"collection":[{"href":"https:\/\/www.messinaoggi.it\/website\/wp-json\/wp\/v2\/posts"}],"about":[{"href":"https:\/\/www.messinaoggi.it\/website\/wp-json\/wp\/v2\/types\/post"}],"author":[{"embeddable":true,"href":"https:\/\/www.messinaoggi.it\/website\/wp-json\/wp\/v2\/users\/18"}],"replies":[{"embeddable":true,"href":"https:\/\/www.messinaoggi.it\/website\/wp-json\/wp\/v2\/comments?post=234294"}],"version-history":[{"count":0,"href":"https:\/\/www.messinaoggi.it\/website\/wp-json\/wp\/v2\/posts\/234294\/revisions"}],"wp:featuredmedia":[{"embeddable":true,"href":"https:\/\/www.messinaoggi.it\/website\/wp-json\/wp\/v2\/media\/234295"}],"wp:attachment":[{"href":"https:\/\/www.messinaoggi.it\/website\/wp-json\/wp\/v2\/media?parent=234294"}],"wp:term":[{"taxonomy":"category","embeddable":true,"href":"https:\/\/www.messinaoggi.it\/website\/wp-json\/wp\/v2\/categories?post=234294"},{"taxonomy":"post_tag","embeddable":true,"href":"https:\/\/www.messinaoggi.it\/website\/wp-json\/wp\/v2\/tags?post=234294"}],"curies":[{"name":"wp","href":"https:\/\/api.w.org\/{rel}","templated":true}]}}