{"id":23422,"date":"2018-08-19T10:08:25","date_gmt":"2018-08-19T08:08:25","guid":{"rendered":"http:\/\/www.messinaoggi.it\/website\/?p=23422"},"modified":"2018-08-19T10:08:25","modified_gmt":"2018-08-19T08:08:25","slug":"nuovi-talenti-per-la-moda-una-messinese-simpone-a-reggio-calabria","status":"publish","type":"post","link":"https:\/\/www.messinaoggi.it\/website\/2018\/08\/19\/nuovi-talenti-per-la-moda-una-messinese-simpone-a-reggio-calabria\/","title":{"rendered":"Nuovi talenti per la moda, una messinese s\u2019impone a Reggio Calabria"},"content":{"rendered":"<p class=\"s3\"><span class=\"s4\"><span class=\"bumpedFont15\">La messinese Rosaria <\/span><\/span><span class=\"s4\"><span class=\"bumpedFont15\">Schepis<\/span><\/span> <span class=\"s4\"><span class=\"bumpedFont15\">vince la terza edizione di <\/span><\/span><span class=\"s4\"><span class=\"bumpedFont15\">Nuovi Talenti per la Moda<\/span><\/span><span class=\"s4\"><span class=\"bumpedFont15\">, la <\/span><\/span><span class=\"s4\"><span class=\"bumpedFont15\">k<\/span><\/span><span class=\"s4\"><span class=\"bumpedFont15\">ermesse <\/span><\/span><span class=\"s4\"><span class=\"bumpedFont15\">della<\/span><\/span><span class=\"s4\"><span class=\"bumpedFont15\"> moda emergente dedicata a<\/span><\/span><span class=\"s4\"><span class=\"bumpedFont15\">nuovi stilisti e creativi<\/span><\/span><span class=\"s4\"><span class=\"bumpedFont15\">.<\/span><\/span><span class=\"s4\"><span class=\"bumpedFont15\"> Un grande successo di pubblico, tutto nel segno dello stile e dell\u2019eleganza in una<\/span><\/span><span class=\"s4\"><span class=\"bumpedFont15\"> notte di mezz\u2019estate<\/span><\/span><span class=\"s4\"><span class=\"bumpedFont15\">. M<\/span><\/span><span class=\"s4\"><span class=\"bumpedFont15\">usica e arte si sono intrecciate per dar vita ad un evento unico nel suo genere e rendere protagonista, oltre che pr<\/span><\/span><span class=\"s4\"><span class=\"bumpedFont15\">omuovere, il manufatto artigianale all\u2019insegna della creativit\u00e0 ed originalit\u00e0. Infatti lo scopo del concorso \u00e8 quello della valorizzazione del talento coniugando capacit\u00e0 artistica e sartoriale come espressione dell\u2019alto valore artigianale e del tanto ricercato made in Italy. \u00a0 \u00a0 \u00a0 \u00a0 \u00a0 \u00a0 \u00a0 \u00a0 \u00a0 \u00a0 \u00a0 \u00a0 \u00a0 \u00a0 \u00a0 \u00a0 \u00a0 \u00a0 \u00a0 \u00a0 \u00a0 \u00a0 \u00a0 \u00a0 \u00a0 \u00a0 \u00a0 \u00a0 \u00a0 \u00a0 \u00a0 \u00a0 \u00a0 \u00a0 \u00a0 \u00a0 \u00a0 <\/span><\/span><div id=\"div-gpt-ad-Messinaoggi.it-DSK-300x250-corpoart\" style=\"text-align:center;margin:0 auto;\"><\/div><\/p>\n<p class=\"s3\"><span class=\"s4\"><span class=\"bumpedFont15\">La manifestazione inserita nel cartellone dell\u2019Estate Reggina, organizzata dall\u2019Associazione \u00a0 \u00a0 \u00a0 \u00a0<\/span><\/span><span class=\"s4\"><span class=\"bumpedFont15\"> \u00a0 \u201c<\/span><\/span><span class=\"s4\"><span class=\"bumpedFont15\">Le Tele di Aracne\u201d in collaborazione con l\u2019Istituto di Moda Burgo, si \u00e8 svolta nell\u2019 incantevole scenario dell\u2019Arena Ciccio Franco sul lungomare <\/span><\/span><span class=\"s4\"><span class=\"bumpedFont15\">Falcomat\u00e0<\/span><\/span><span class=\"s4\"><span class=\"bumpedFont15\"> di Reggio Calabria ed \u00e8 stata presentata da Consolato Malara e Marilena Alescio. Un susseguirsi di emozioni per gli stilisti finalisti che hanno proposto le loro idee dinanzi ad un folto pubblico e ad una giuria tecnica e qualificata. Dodici i concorrenti in <\/span><\/span><span class=\"s4\"><span class=\"bumpedFont15\">gara: <\/span><\/span><span class=\"s4\"><span class=\"bumpedFont15\">Laura<\/span><\/span><span class=\"s4\"><span class=\"bumpedFont15\"> Agostino, Nunzia <\/span><\/span><span class=\"s4\"><span class=\"bumpedFont15\">Bueti<\/span><\/span><span class=\"s4\"><span class=\"bumpedFont15\">, \u00a0Lorena <\/span><\/span><span class=\"s4\"><span class=\"bumpedFont15\">Casile<\/span><\/span><span class=\"s4\"><span class=\"bumpedFont15\">, Ilaria Costantino, Asia De <\/span><\/span><span class=\"s4\"><span class=\"bumpedFont15\">Benedittis<\/span><\/span><span class=\"s4\"><span class=\"bumpedFont15\">, Daniela Labate \u2013 Alessia Romeo, \u00a0Mimma Nocera, Tina <\/span><\/span><span class=\"s4\"><span class=\"bumpedFont15\">Oddi<\/span><\/span><span class=\"s4\"><span class=\"bumpedFont15\">, Carmela Romeo, \u00a0Rosaria <\/span><\/span><span class=\"s4\"><span class=\"bumpedFont15\">Schepis<\/span><\/span><span class=\"s4\"><span class=\"bumpedFont15\">, Simona <\/span><\/span><span class=\"s4\"><span class=\"bumpedFont15\">Surace<\/span><\/span><span class=\"s4\"><span class=\"bumpedFont15\">, \u00a0Keren <\/span><\/span><span class=\"s4\"><span class=\"bumpedFont15\">Surfaro<\/span><\/span><span class=\"s4\"><span class=\"bumpedFont15\">, con le riserve F<\/span><\/span><span class=\"s4\"><span class=\"bumpedFont15\">rancesca Simone, Serena Terzoni . <\/span><\/span><div id=\"videoincontent\" style=\"clear:both\";><\/div><\/p>\n<p class=\"s3\"><span class=\"s4\"><span class=\"bumpedFont15\">\u00a0 \u00a0 \u00a0 \u00a0 \u00a0 \u00a0 \u00a0 \u00a0 \u00a0 \u00a0 \u00a0 \u00a0 \u00a0 \u00a0 \u00a0 \u00a0 \u00a0 \u00a0 \u00a0 \u00a0 \u00a0 \u00a0 \u00a0 \u00a0 \u00a0 \u00a0 \u00a0 \u00a0 \u00a0 \u00a0 \u00a0 \u00a0 \u00a0 \u00a0 \u00a0 \u00a0 \u00a0 \u00a0 \u00a0 \u00a0 \u00a0 \u00a0 \u00a0 \u00a0 <\/span><\/span><span class=\"s4\"><span class=\"bumpedFont15\">\u00a0 \u00a0 \u00a0 \u00a0 \u00a0 \u00a0 \u00a0 \u00a0 \u00a0 \u00a0 \u00a0 \u00a0 \u00a0 \u00a0 \u00a0 \u00a0 \u00a0 \u00a0 \u00a0 \u00a0 \u00a0 \u00a0 \u00a0 \u00a0 \u00a0 \u00a0 \u00a0 \u00a0 \u00a0 \u00a0 \u00a0 La moda \u00e8 stata la <\/span><\/span><span class=\"s4\"><span class=\"bumpedFont15\">protagonista della manifestazione<\/span><\/span><span class=\"s4\"><span class=\"bumpedFont15\">, infatti, alle uscite dei finalisti si sono alternati momenti di <\/span><\/span><span class=\"s4\"><span class=\"bumpedFont15\">pret<\/span><\/span><span class=\"s4\"><span class=\"bumpedFont15\"> a <\/span><\/span><span class=\"s4\"><span class=\"bumpedFont15\">porter<\/span><\/span><span class=\"s4\"><span class=\"bumpedFont15\"> e sposa con le sfilate di<\/span><\/span><span class=\"s4\"><span class=\"bumpedFont15\"> Adriana <\/span><\/span><span class=\"s4\"><span class=\"bumpedFont15\">Scoppelliti<\/span><\/span><span class=\"s4\"><span class=\"bumpedFont15\"> e<\/span><\/span><span class=\"s4\"><span class=\"bumpedFont15\"> Mariella Spose e<\/span><\/span> <span class=\"s4\"><span class=\"bumpedFont15\">degli abiti dell\u2019<\/span><\/span><span class=\"s4\"><span class=\"bumpedFont15\">ospite d\u2019eccezione: il Maestro Accademico <\/span><\/span><span class=\"s4\"><span class=\"bumpedFont15\">Franco <\/span><\/span><span class=\"s4\"><span class=\"bumpedFont15\">Servidio<\/span><\/span><span class=\"s4\"><span class=\"bumpedFont15\">, c<\/span><\/span><span class=\"s4\"><span class=\"bumpedFont15\">onsigliere Accademia Nazionale Sartori<\/span><\/span><span class=\"s4\"><span class=\"bumpedFont15\">,<\/span><\/span><span class=\"s4\"><span class=\"bumpedFont15\"> premiato<\/span><\/span><span class=\"s4\"><span class=\"bumpedFont15\"> con la prestigiosa<\/span><\/span><span class=\"s4\"><span class=\"bumpedFont15\"> Forbice <\/span><\/span><span class=\"s4\"><span class=\"bumpedFont15\">d\u2019O<\/span><\/span><span class=\"s4\"><span class=\"bumpedFont15\">ro. Molto apprezzata anche la sfilata dei monili della poliedrica artista <\/span><\/span><span class=\"s4\"><span class=\"bumpedFont15\">catanzarese \u00a0<\/span><\/span><span class=\"s4\"><span class=\"bumpedFont15\">Resy<\/span><\/span><span class=\"s4\"><span class=\"bumpedFont15\"> D\u2019Andrea<\/span><\/span> <span class=\"s4\"><span class=\"bumpedFont15\">con il lancio del suo marchio <\/span><\/span><span class=\"s4\"><span class=\"bumpedFont15\">Nin\u00e0<\/span><\/span><span class=\"s4\"><span class=\"bumpedFont15\">, <\/span><\/span><span class=\"s4\"><span class=\"bumpedFont15\">ispirato <\/span><\/span><span class=\"s4\"><span class=\"bumpedFont15\">dalla <\/span><\/span><span class=\"s4\"><span class=\"bumpedFont15\">madre di origini reggine. <\/span><\/span><span class=\"s4\"><span class=\"bumpedFont15\">Graditissime anche<\/span><\/span><span class=\"s4\"><span class=\"bumpedFont15\"> le performance canore del <\/span><\/span><span class=\"s4\"><span class=\"bumpedFont15\">giovane e promettente talento Nicolas Mauro. Le acconciature sono state <\/span><\/span><span class=\"s4\"><span class=\"bumpedFont15\">realizzate <\/span><\/span><span class=\"s4\"><span class=\"bumpedFont15\">da <\/span><\/span><span class=\"s4\"><span class=\"bumpedFont15\">Sesto Senso i Parrucchieri di Gianni <\/span><\/span><span class=\"s4\"><span class=\"bumpedFont15\">Scopelliti<\/span><\/span><span class=\"s4\"><span class=\"bumpedFont15\">, m<\/span><\/span><span class=\"s4\"><span class=\"bumpedFont15\">entre il m<\/span><\/span><span class=\"s4\"><span class=\"bumpedFont15\">ake up \u00e8 stato curato da Nadia <\/span><\/span><span class=\"s4\"><span class=\"bumpedFont15\">Mastroieni<\/span><\/span><span class=\"s4\"><span class=\"bumpedFont15\"> di Terranova Sappo Minulio (RC) <\/span><\/span><\/p>\n<p class=\"s5\"><span class=\"s4\"><span class=\"bumpedFont15\">A decretare i vincitori una prestigiosa giuria composta da stilisti ed esperti professionisti del settore: Franco <\/span><\/span><span class=\"s4\"><span class=\"bumpedFont15\">Servidio<\/span><\/span><span class=\"s4\"><span class=\"bumpedFont15\">, Graziella <\/span><\/span><span class=\"s4\"><span class=\"bumpedFont15\">Citroni<\/span><\/span><span class=\"s4\"><span class=\"bumpedFont15\">, Adriana <\/span><\/span><span class=\"s4\"><span class=\"bumpedFont15\">Scopelliti<\/span><\/span><span class=\"s4\"><span class=\"bumpedFont15\">, <\/span><\/span><span class=\"s4\"><span class=\"bumpedFont15\">Renee<\/span><\/span> <span class=\"s4\"><span class=\"bumpedFont15\">Bruzzese<\/span><\/span><span class=\"s4\"><span class=\"bumpedFont15\">, Mariella Costarella, Mimma Tripoli. Alla vincitrice Rosaria <\/span><\/span><span class=\"s4\"><span class=\"bumpedFont15\">Schepis<\/span><\/span><span class=\"s4\"><span class=\"bumpedFont15\"> \u00e8 stata assegnata una borsa di studio del valore di <\/span><\/span><span class=\"s4\"><span class=\"bumpedFont15\">\u00a0<\/span><\/span><span class=\"s4\"><span class=\"bumpedFont15\">\u20ac 500,00 omaggiato da <\/span><\/span><span class=\"s4\"><span class=\"bumpedFont15\">Edilcondera<\/span><\/span><span class=\"s4\"><span class=\"bumpedFont15\"> Cuzzola. Il premio creativit\u00e0 \u00e8 stato assegnato a <\/span><\/span><span class=\"s4\"><span class=\"bumpedFont15\">Cheren<\/span><\/span> <span class=\"s4\"><span class=\"bumpedFont15\">Surfaro<\/span><\/span><span class=\"s4\"><span class=\"bumpedFont15\"> mentre il premio originalit\u00e0 \u00e8 andato alla coppia<\/span><\/span><span class=\"s4\"><span class=\"bumpedFont15\">Daniela Labate &#8211; Alessia Romeo<\/span><\/span><span class=\"s4\"><span class=\"bumpedFont15\">. I premi sono stati offerti<\/span><\/span><span class=\"s4\"><span class=\"bumpedFont15\"> da <\/span><\/span><span class=\"s4\"><span class=\"bumpedFont15\">Bet<\/span><\/span><span class=\"s4\"><span class=\"bumpedFont15\">De Nava di Marra Natale<\/span><\/span><span class=\"s4\"><span class=\"bumpedFont15\">. Daniela Labate e Alessia Romeo sono state anche omaggiate di <\/span><\/span><span class=\"s4\"><span class=\"bumpedFont15\">un monile <\/span><\/span><span class=\"s4\"><span class=\"bumpedFont15\">Nin\u00e0<\/span><\/span><span class=\"s4\"><span class=\"bumpedFont15\"> offerto da <\/span><\/span><span class=\"s4\"><span class=\"bumpedFont15\">Resy<\/span><\/span><span class=\"s4\"><span class=\"bumpedFont15\">D\u2019Andrea.<\/span><\/span> <a name=\"_GoBack\"><\/a><span class=\"s4\"><span class=\"bumpedFont15\">A tutti i finalisti \u00e8 stato <\/span><\/span><span class=\"s4\"><span class=\"bumpedFont15\">consegnato un attestato di merito<\/span><\/span><span class=\"s4\"><span class=\"bumpedFont15\">.<\/span><\/span><\/p>\n<p class=\"s5\">\n","protected":false},"excerpt":{"rendered":"<p>La messinese Rosaria Schepis vince la terza edizione di Nuovi Talenti per la Moda, la kermesse della moda emergente dedicata anuovi stilisti e creativi. Un grande successo di pubblico, tutto nel segno dello stile e dell\u2019eleganza in una notte di mezz\u2019estate. Musica e arte si sono intrecciate per dar vita ad un evento unico nel [&hellip;]<\/p>\n","protected":false},"author":2,"featured_media":23423,"comment_status":"closed","ping_status":"open","sticky":false,"template":"","format":"standard","meta":{"ub_ctt_via":"","_mi_skip_tracking":false},"categories":[17],"tags":[],"featured_image_src":"https:\/\/www.messinaoggi.it\/website\/wp-content\/uploads\/2018\/08\/033D4A14-F747-45A4-A7AC-1490206C71B9-1.jpeg","author_info":{"display_name":"Redazione","author_link":"https:\/\/www.messinaoggi.it\/website\/author\/redazione\/"},"digistream_id":0,"digistream":false,"_links":{"self":[{"href":"https:\/\/www.messinaoggi.it\/website\/wp-json\/wp\/v2\/posts\/23422"}],"collection":[{"href":"https:\/\/www.messinaoggi.it\/website\/wp-json\/wp\/v2\/posts"}],"about":[{"href":"https:\/\/www.messinaoggi.it\/website\/wp-json\/wp\/v2\/types\/post"}],"author":[{"embeddable":true,"href":"https:\/\/www.messinaoggi.it\/website\/wp-json\/wp\/v2\/users\/2"}],"replies":[{"embeddable":true,"href":"https:\/\/www.messinaoggi.it\/website\/wp-json\/wp\/v2\/comments?post=23422"}],"version-history":[{"count":0,"href":"https:\/\/www.messinaoggi.it\/website\/wp-json\/wp\/v2\/posts\/23422\/revisions"}],"wp:featuredmedia":[{"embeddable":true,"href":"https:\/\/www.messinaoggi.it\/website\/wp-json\/wp\/v2\/media\/23423"}],"wp:attachment":[{"href":"https:\/\/www.messinaoggi.it\/website\/wp-json\/wp\/v2\/media?parent=23422"}],"wp:term":[{"taxonomy":"category","embeddable":true,"href":"https:\/\/www.messinaoggi.it\/website\/wp-json\/wp\/v2\/categories?post=23422"},{"taxonomy":"post_tag","embeddable":true,"href":"https:\/\/www.messinaoggi.it\/website\/wp-json\/wp\/v2\/tags?post=23422"}],"curies":[{"name":"wp","href":"https:\/\/api.w.org\/{rel}","templated":true}]}}