{"id":234219,"date":"2025-04-02T12:16:18","date_gmt":"2025-04-02T10:16:18","guid":{"rendered":"http:\/\/www.messinaoggi.it\/website\/?p=234219"},"modified":"2025-04-02T12:16:20","modified_gmt":"2025-04-02T10:16:20","slug":"doveva-essere-lultima-in-piazza-per-sara","status":"publish","type":"post","link":"https:\/\/www.messinaoggi.it\/website\/2025\/04\/02\/doveva-essere-lultima-in-piazza-per-sara\/","title":{"rendered":"&#8220;Doveva essere l&#8217;ultima&#8221;, in piazza per Sara"},"content":{"rendered":"\n<p>Ieri una folla di studentesse e studenti si sono ritrovati alla Galleria Vittorio Emanuele a Messina per ricordare, tra tristezza e rabbia, <strong>Sara Campanella<\/strong>, la giovane studentessa dell&#8217;Universit\u00e0 di Messina originaria di Misilmeri, vittima dell&#8217;ennesimo femminicidio. <div id=\"div-gpt-ad-Messinaoggi.it-DSK-300x250-corpoart\" style=\"text-align:center;margin:0 auto;\"><\/div><\/p>\n\n\n\n<p>Dalla Galleria \u00e8 partito un corteo, organizzato da Non una di Meno, Unione degli universitari e Rete degli studenti medi. Le tre realt\u00e0 avevano lanciato un  appello subito raccolto da tantissimi. &#8220;Doveva essere l&#8217;ultima&#8221;. Recitava con amarezza l&#8217;appello. &#8220;Per Sara per Tutte&#8221; si leggeva ieri sera nei tanti cartelloni agitati dai giovani della manifestazione. <div id=\"videoincontent\" style=\"clear:both\";><\/div><\/p>\n\n\n\n<figure class=\"wp-block-image size-large\"><img loading=\"lazy\" width=\"1024\" height=\"768\" src=\"http:\/\/www.messinaoggi.it\/website\/wp-content\/uploads\/2025\/04\/IMG-20250401-WA0063-1024x768.jpg\" alt=\"\" class=\"wp-image-234230\" srcset=\"https:\/\/www.messinaoggi.it\/website\/wp-content\/uploads\/2025\/04\/IMG-20250401-WA0063-1024x768.jpg 1024w, https:\/\/www.messinaoggi.it\/website\/wp-content\/uploads\/2025\/04\/IMG-20250401-WA0063-300x225.jpg 300w, https:\/\/www.messinaoggi.it\/website\/wp-content\/uploads\/2025\/04\/IMG-20250401-WA0063-768x576.jpg 768w, https:\/\/www.messinaoggi.it\/website\/wp-content\/uploads\/2025\/04\/IMG-20250401-WA0063-1536x1152.jpg 1536w, https:\/\/www.messinaoggi.it\/website\/wp-content\/uploads\/2025\/04\/IMG-20250401-WA0063.jpg 1600w\" sizes=\"(max-width: 1024px) 100vw, 1024px\" \/><\/figure>\n\n\n\n<p>&#8220;Ci unianmo al cordoglio dei famigliari e degli amici, siamo scesi in piazza per fare rumore, perch\u00e9 il silenzio ci ha stancato e non ci rappresenta &#8211; ha dichiarato <strong>Caterina La Rocca<\/strong>, coordinatrice della Rete degli studenti Messina -Sara, che \u00e8 stata uccisa ieri pomeriggio nella nostra citt\u00e0, il silenzio non lo merita. Vogliamo l&#8217;educazione sessuale e affettiva nelle scuole e nelle universit\u00e0, ogni giorno abbiamo le prove di quanto sia importante e necessario educarei giovani e le giovani per sradicare la cultura patriarcale a partire dai luoghi di formazione. Tutte ci siamo dette potevo essere io, le istituzioni e la societ\u00e0 civile devono dimostrare una presa di coscienza collettiva. La lotta transfemminista non si pu\u00f2 fermare, deve essere condivisa da tutte e tutti e deve essere intersezionale.&#8221; <\/p>\n\n\n\n<figure class=\"wp-block-image size-large\"><img loading=\"lazy\" width=\"1024\" height=\"768\" src=\"http:\/\/www.messinaoggi.it\/website\/wp-content\/uploads\/2025\/04\/IMG-20250401-WA0056-1024x768.jpg\" alt=\"\" class=\"wp-image-234231\" srcset=\"https:\/\/www.messinaoggi.it\/website\/wp-content\/uploads\/2025\/04\/IMG-20250401-WA0056-1024x768.jpg 1024w, https:\/\/www.messinaoggi.it\/website\/wp-content\/uploads\/2025\/04\/IMG-20250401-WA0056-300x225.jpg 300w, https:\/\/www.messinaoggi.it\/website\/wp-content\/uploads\/2025\/04\/IMG-20250401-WA0056-768x576.jpg 768w, https:\/\/www.messinaoggi.it\/website\/wp-content\/uploads\/2025\/04\/IMG-20250401-WA0056-1536x1152.jpg 1536w, https:\/\/www.messinaoggi.it\/website\/wp-content\/uploads\/2025\/04\/IMG-20250401-WA0056.jpg 1600w\" sizes=\"(max-width: 1024px) 100vw, 1024px\" \/><\/figure>\n\n\n\n<p><strong>Greta Grasso<\/strong>, Unione degli Universitari, referente con delega alle questioni di Genere, ha affermato:<\/p>\n\n\n\n<p>&#8220;Avremmo voluto e abbiamo fatto richiesta, che le lezioni di ieri fossero state sospese per tutti i corsi. \u00c9 necessario ricordare Sara, una ragazza poco pi\u00f9 grande di me, che \u00e8 stata uccisa in pieno pomeriggio in una zona di Messina in cui tutti passano per andare a scuola, all&#8217;universit\u00e0 o perch\u00e9 ci abitano. Potevo essere io, potevamo essere tutte e non \u00e8 accettabile, n\u00e8 ci possiamo abbattere, la lotta deve continuare, per delle aule e universitarie sicure&#8221;<\/p>\n","protected":false},"excerpt":{"rendered":"<p>Ieri una folla di studentesse e studenti si sono ritrovati alla Galleria Vittorio Emanuele a Messina per ricordare, tra tristezza e rabbia, Sara Campanella, la giovane studentessa dell&#8217;Universit\u00e0 di Messina originaria di Misilmeri, vittima dell&#8217;ennesimo femminicidio. Dalla Galleria \u00e8 partito un corteo, organizzato da Non una di Meno, Unione degli universitari e Rete degli studenti [&hellip;]<\/p>\n","protected":false},"author":15,"featured_media":234229,"comment_status":"open","ping_status":"open","sticky":false,"template":"","format":"standard","meta":{"ub_ctt_via":"","_mi_skip_tracking":false},"categories":[5,6],"tags":[5609,3259,5608,1676,11416,6698],"featured_image_src":"https:\/\/www.messinaoggi.it\/website\/wp-content\/uploads\/2025\/04\/IMG-20250401-WA0058.jpg","author_info":{"display_name":"red.me","author_link":"https:\/\/www.messinaoggi.it\/website\/author\/red-me\/"},"digistream_id":0,"digistream":false,"_links":{"self":[{"href":"https:\/\/www.messinaoggi.it\/website\/wp-json\/wp\/v2\/posts\/234219"}],"collection":[{"href":"https:\/\/www.messinaoggi.it\/website\/wp-json\/wp\/v2\/posts"}],"about":[{"href":"https:\/\/www.messinaoggi.it\/website\/wp-json\/wp\/v2\/types\/post"}],"author":[{"embeddable":true,"href":"https:\/\/www.messinaoggi.it\/website\/wp-json\/wp\/v2\/users\/15"}],"replies":[{"embeddable":true,"href":"https:\/\/www.messinaoggi.it\/website\/wp-json\/wp\/v2\/comments?post=234219"}],"version-history":[{"count":8,"href":"https:\/\/www.messinaoggi.it\/website\/wp-json\/wp\/v2\/posts\/234219\/revisions"}],"predecessor-version":[{"id":234234,"href":"https:\/\/www.messinaoggi.it\/website\/wp-json\/wp\/v2\/posts\/234219\/revisions\/234234"}],"wp:featuredmedia":[{"embeddable":true,"href":"https:\/\/www.messinaoggi.it\/website\/wp-json\/wp\/v2\/media\/234229"}],"wp:attachment":[{"href":"https:\/\/www.messinaoggi.it\/website\/wp-json\/wp\/v2\/media?parent=234219"}],"wp:term":[{"taxonomy":"category","embeddable":true,"href":"https:\/\/www.messinaoggi.it\/website\/wp-json\/wp\/v2\/categories?post=234219"},{"taxonomy":"post_tag","embeddable":true,"href":"https:\/\/www.messinaoggi.it\/website\/wp-json\/wp\/v2\/tags?post=234219"}],"curies":[{"name":"wp","href":"https:\/\/api.w.org\/{rel}","templated":true}]}}