{"id":234111,"date":"2025-04-01T15:05:43","date_gmt":"2025-04-01T13:05:43","guid":{"rendered":"https:\/\/www.messinaoggi.it\/website\/2025\/04\/01\/presentata-a-roma-la-terza-edizione-dello-sportcity-meeting\/"},"modified":"2025-04-01T15:05:43","modified_gmt":"2025-04-01T13:05:43","slug":"presentata-a-roma-la-terza-edizione-dello-sportcity-meeting","status":"publish","type":"post","link":"https:\/\/www.messinaoggi.it\/website\/2025\/04\/01\/presentata-a-roma-la-terza-edizione-dello-sportcity-meeting\/","title":{"rendered":"Presentata a Roma la terza edizione dello Sportcity Meeting"},"content":{"rendered":"<div>ROMA (ITALPRESS) &#8211; Presentata oggi nella sede dell&#8217;<strong>Anci a Roma la 3^ edizione dello Sportcity Meeting<\/strong> che avr\u00e0 come teatro dall&#8217;11 al 13 aprile ad Assisi e Spello. La <strong>Fondazione Sporticity<\/strong>, dando seguito a quanto avvenuto nel 2023 a Salsomaggiore Terme, dove venne firmata la dichiarazione d&#8217;intenti per la sportivizzazione delle citt\u00e0 e nel 2024 a Pietrasanta, dove nacque l&#8217;idea della &#8216;<em>Repubblica del Movimento&#8217;<\/em>, dar\u00e0 di nuovo appuntamento per &#8216;gli stati generali dello sport&#8217; proponendo un nuovo e coinvolgente format. Un lungo week end che, nelle due cittadine umbre, vedr\u00e0 la partecipazione di oltre 300 tra operatori dello sport, politici nazionali, amministratori locali, dirigenti d&#8217;azienda e nuovi stakeholder.<div id=\"div-gpt-ad-Messinaoggi.it-DSK-300x250-corpoart\" style=\"text-align:center;margin:0 auto;\"><\/div><\/p>\n<p>Meeting che vedr\u00e0 la partecipazione, tra gli altri, del <strong>Ministro per lo Sport e i Giovani Andrea Abodi<\/strong>, del Sottosegretario al <em>MASE<\/em> con delega allo <strong>Sport Claudio Barbaro<\/strong>, dell&#8217;onorevole Mauro Berruto, del senatore <strong>Paolo Marcheschi<\/strong> e della senatrice <strong>Daniela Sbrollini<\/strong>, dell&#8217;<strong>AD della Lega Serie A Luigi De Siervo<\/strong>. Quelli in programma in Umbria saranno tre giorni ricchi di iniziative concrete, dove i partecipanti si confronteranno non solo nelle diverse sessioni di lavoro, ma vivranno delle vere e proprie esperienze dal vivo nelle due citt\u00e0 che ospitano il meeting.<div id=\"videoincontent\" style=\"clear:both\";><\/div><\/p>\n<p>Camminate collettive, partite di calcio, visite culturali, appuntamenti di team building e degustazioni, tutto all&#8217;insegna del benessere e della condivisione di valori autentici. Nel corso dell&#8217;incontro \u00e8 stato presentato anche lo <strong>SportCity Edu di Pietrasanta\/Lucca<\/strong> del 23 e 24 maggio, la nuova iniziativa di <strong>Fondazione Sporticty<\/strong>. Lo <strong>Sportcity Meeting<\/strong> gode del patrocinio di <em>ANCI, MASE, ICSC, RAI Umbria.<\/em> Media partner <em>RAI.<\/em><\/p>\n<p><em> &#8220;Grazie innanzitutto alla Fondazione Sportcity per quanto fa e rappresenta per tutto lo sport italiano, in particolare voglio sottolineare il grande lavoro di Fabio Pagliara che in questi anni si \u00e8 adoperato con passione ed impegno per la diffusione delle attivit\u00e0 sportive in tutto il territorio nazionale<\/em> &#8211; le parole di <strong>Roberto Pella<\/strong>, <strong>vice presidente vicario di Anci<\/strong> &#8211; <em>Voglio ringraziare anche la Rai perch\u00e8 se lo sport vive un momento cos\u00ec brillante lo dobbiamo anche a chi fa da cassa di risonanza a tante discipline. Mi preme poi ringraziare Federico Serra per il sostegno che ha dato alla realizzazione della legge sull&#8217;obesit\u00e0, che dar\u00e0 grande impulso alla risoluzione di uno dei problemi pi\u00f9 grandi che affliggono giovani e meno giovani italiani a livello sanitario&#8221;. <\/em><\/p>\n<p>Cos\u00ec <strong>Fabio Pagliara<\/strong>, presidente <strong>Fondazione Sportcity<\/strong>: <em>&#8220;Con i due meeting vogliamo creare importanti contenuti da comunicare al mondo sportivo. Questi momenti di approfondimento servono per affrontare insieme tematiche importanti nelle quali fermamente crediamo. Dai territori e dagli operatori locali possono uscire elementi di discussione per un lavoro di condivisione che servir\u00e0 a tutti noi per trovare insieme nuove strategie operative. La &#8216;palla di stracci di Papa Francesc\u00f2 ed il calco della Coppa del Mondo di calcio, che saranno ed esposti ad Assisi, saranno un simbolo rappresentativo e di emozione per tutti&#8221;.\u00a0<\/em><\/p>\n<p><em>&#8220;Siamo fieri di essere qui con Anci che ringrazio sempre per il sostegno che d\u00e0 a tutto lo sport italiano<\/em> &#8211; sottolinea<strong> Federico Serra<\/strong>, <strong>presidente Osservatorio<\/strong> permanente sullo sport <strong>Fondazione SportCity<\/strong> &#8211;<em> I meeting che stiamo presentando oggi servir\u00e0 per trovare nuove idee e nuovi spunti per migliorare, attraverso lo sport, la qualit\u00e0 della vita di tutti i cittadini. 19 milioni di italiani non svolgono attivit\u00e0 fisica, soprattutto i cittadini del sud Italia hanno drammatici numeri di sedentariet\u00e0. Dobbiamo fare in modo di impegnarci affinch\u00e8 questo gap venga presto annullato. Lanceremo lo Sportcity Lab per trovare insieme soluzioni nelle citt\u00e0, connettendo sport, ambiente e salute&#8221;.<\/em><\/p>\n<p>&#8211; Foto Ufficio Stampa Fondazione Sportcity &#8211;<br \/>\n(ITALPRESS).<\/p><\/div>\n","protected":false},"excerpt":{"rendered":"<p>ROMA (ITALPRESS) &#8211; Presentata oggi nella sede dell&#8217;Anci a Roma la 3^ edizione dello Sportcity Meeting che avr\u00e0 come teatro dall&#8217;11 al 13 aprile ad Assisi e Spello. La Fondazione Sporticity, dando seguito a quanto avvenuto nel 2023 a Salsomaggiore Terme, dove venne firmata la dichiarazione d&#8217;intenti per la sportivizzazione delle citt\u00e0 e nel 2024 [&hellip;]<\/p>\n","protected":false},"author":18,"featured_media":234112,"comment_status":"closed","ping_status":"closed","sticky":false,"template":"","format":"standard","meta":{"ub_ctt_via":"","_mi_skip_tracking":false},"categories":[446],"tags":[783],"featured_image_src":"https:\/\/www.messinaoggi.it\/website\/wp-content\/uploads\/2025\/04\/20250401_0851.jpg","author_info":{"display_name":"Admin","author_link":"https:\/\/www.messinaoggi.it\/website\/author\/admin\/"},"digistream_id":0,"digistream":false,"_links":{"self":[{"href":"https:\/\/www.messinaoggi.it\/website\/wp-json\/wp\/v2\/posts\/234111"}],"collection":[{"href":"https:\/\/www.messinaoggi.it\/website\/wp-json\/wp\/v2\/posts"}],"about":[{"href":"https:\/\/www.messinaoggi.it\/website\/wp-json\/wp\/v2\/types\/post"}],"author":[{"embeddable":true,"href":"https:\/\/www.messinaoggi.it\/website\/wp-json\/wp\/v2\/users\/18"}],"replies":[{"embeddable":true,"href":"https:\/\/www.messinaoggi.it\/website\/wp-json\/wp\/v2\/comments?post=234111"}],"version-history":[{"count":0,"href":"https:\/\/www.messinaoggi.it\/website\/wp-json\/wp\/v2\/posts\/234111\/revisions"}],"wp:featuredmedia":[{"embeddable":true,"href":"https:\/\/www.messinaoggi.it\/website\/wp-json\/wp\/v2\/media\/234112"}],"wp:attachment":[{"href":"https:\/\/www.messinaoggi.it\/website\/wp-json\/wp\/v2\/media?parent=234111"}],"wp:term":[{"taxonomy":"category","embeddable":true,"href":"https:\/\/www.messinaoggi.it\/website\/wp-json\/wp\/v2\/categories?post=234111"},{"taxonomy":"post_tag","embeddable":true,"href":"https:\/\/www.messinaoggi.it\/website\/wp-json\/wp\/v2\/tags?post=234111"}],"curies":[{"name":"wp","href":"https:\/\/api.w.org\/{rel}","templated":true}]}}