{"id":234043,"date":"2025-04-01T11:40:08","date_gmt":"2025-04-01T09:40:08","guid":{"rendered":"http:\/\/www.messinaoggi.it\/website\/?p=234043"},"modified":"2025-04-01T11:40:16","modified_gmt":"2025-04-01T09:40:16","slug":"femminicidio-sara-campanella-le-reazioni-minuto-di-silenzio-in-unime","status":"publish","type":"post","link":"https:\/\/www.messinaoggi.it\/website\/2025\/04\/01\/femminicidio-sara-campanella-le-reazioni-minuto-di-silenzio-in-unime\/","title":{"rendered":"Femminicidio Sara Campanella, le reazioni: minuto di silenzio in Unime"},"content":{"rendered":"\n<p>Ha sconvolto la citt\u00e0 di Messina il brutale femminicidio di Sara Campanella, uccisa a coltellate ieri pomeriggio davanti allo Stadio Giovanni Celeste. La giovane studentessa originaria di Misilmeri (Palermo), frequentava il corso di Tecniche di laboratorio biomedico dell&#8217;Universit\u00e0 degli studi di Messina. <div id=\"div-gpt-ad-Messinaoggi.it-DSK-300x250-corpoart\" style=\"text-align:center;margin:0 auto;\"><\/div><\/p>\n\n\n\n<p>Proprio la Rettrice <strong>Giovanna Spatari<\/strong> ha stabilito un minuto di silenzio in tutti i corsi universitari per ricordare la giovane e sospeso le lezioni odierne del corso frequentato dalla stessa Sara, per incontrare studentesse, studenti e docenti. <div id=\"videoincontent\" style=\"clear:both\";><\/div><\/p>\n\n\n\n<p>\u201cA nome di tutta la comunit\u00e0 accademica esprimo profondo dolore e sgomento per l\u2019uccisione di Sara Campanella. L\u2019Universit\u00e0 di Messina si stringe attorno ai familiari, ad amiche e colleghe, ad amici e colleghi di Sara in questo terribile momento\u201d ha detto la Rettrice.<\/p>\n\n\n\n<p>\u201cLa perdita di una giovane vita \u00e8 sempre una tragedia immane, ma quando questa vita viene spezzata in modo cos\u00ec brutale, la nostra sofferenza \u00e8 ancora pi\u00f9 acuta. Sara era una studentessa brillante e piena di promesse, coinvolta nel suo percorso di formazione, benvoluta da tutti e la sua scomparsa lascia un vuoto incolmabile nella nostra comunit\u00e0. Proprio cinque anni fa piangevamo per l\u2019omicidio di Lorena Quaranta. Unime ha moltiplicato gli sforzi per diffondere la cultura del rispetto, per contribuire a fermare la piaga dei femminicidi, per supportare le proprie studentesse e i propri studenti. Oggi non possiamo fare altro che impegnarci nel continuare quegli sforzi contro ogni forma di violenza e perch\u00e9 Sara venga adeguatamente ricordata\u201d ha concluso.<\/p>\n\n\n\n<p>&#8220;Sono senza parole. Oggi Messina \u00e8 stata scossa da una tragedia immensa: una giovane vita, quella di Sara Campanella, \u00e8 stata spezzata in modo brutale. La violenza di questo gesto ci lascia increduli e profondamente addolorati.Voglio esprimere tutta la mia vicinanza ai familiari e agli amici di Sara. In questo momento di dolore insopportabile, sappiate che la citt\u00e0 di Messina \u00e8 con voi. Condanniamo con tutta la forza questo atto di violenza e confidiamo che la giustizia possa fare il suo corso&#8221; ha tenuto a dire il sindaco di Messina <strong>Federico Basile<\/strong>.<\/p>\n\n\n\n<p>\u201cMi ha sconvolto la notizia dell\u2019uccisione di Sara Campanella, la giovane studentessa palermitana che studiava a Messina. Ancora una donna, una giovanissima donna, che perde la vita in modo violento per mano di un uomo. Questa volta \u00e8 accaduto nella mia citt\u00e0, a Messina, gettando tutti noi nello sconcerto e nel dolore. Mentre ancora le notizie della cronaca sono incerte e frammentarie, questo evento tragico emerge in tutta la sua assoluta drammaticit\u00e0, imponendo a tutti noi il dovere di interrogarci sulle ragioni di questa violenza sulle donne. Emerge drammaticamente la necessit\u00e0 e l\u2019urgenza di trovare gli strumenti per evitare che ci\u00f2 accada ancora e ancora. Il mio pensiero \u00e8 rivolto alla famiglia di Sara, ai suoi amici e a quanti le volevano bene, ai quali esprimo il mio pi\u00f9 profondo cordoglio\u201d cos\u00ec ha reagito alla notizia la senatrice di Italia Viva, <strong>Dafne Musolino<\/strong>.<\/p>\n\n\n\n<p>&#8220;Non esistono parole, solo dolore e sgomento per l&#8217;ennesima giovane vita strappata a questa terra da cieca e immotivata violenza. Non abbiamo ancora asciugato le lacrime versate per la morte di Lorena Quaranta, che un&#8217;altra giovane donna, un&#8217;altra ragazza, \u00e8 stata ammazzata da un uomo che, secondo le prime ricostruzioni, aveva ricevuto un suo rifiuto. La giustizia far\u00e0 il suo corso, ma non basta pi\u00f9. Serve altro, serve subito e deve arrivare dalle nostre famiglie, dalla scuola, dalla politica, dalla societ\u00e0 tutta. Riposa in pace Sara&#8221;, ha dichiarato in una nota il deputato M5S <strong>Antonio De Luca<\/strong>, capogruppo all&#8217;Assemblea regionale siciliana. <\/p>\n","protected":false},"excerpt":{"rendered":"<p>Ha sconvolto la citt\u00e0 di Messina il brutale femminicidio di Sara Campanella, uccisa a coltellate ieri pomeriggio davanti allo Stadio Giovanni Celeste. La giovane studentessa originaria di Misilmeri (Palermo), frequentava il corso di Tecniche di laboratorio biomedico dell&#8217;Universit\u00e0 degli studi di Messina. Proprio la Rettrice Giovanna Spatari ha stabilito un minuto di silenzio in tutti [&hellip;]<\/p>\n","protected":false},"author":15,"featured_media":387,"comment_status":"open","ping_status":"open","sticky":false,"template":"","format":"standard","meta":{"ub_ctt_via":"","_mi_skip_tracking":false},"categories":[5,6],"tags":[1113,167,2972,8626,11416,612,814],"featured_image_src":"https:\/\/www.messinaoggi.it\/website\/wp-content\/uploads\/2017\/05\/unime-convegno-2.jpg","author_info":{"display_name":"red.me","author_link":"https:\/\/www.messinaoggi.it\/website\/author\/red-me\/"},"digistream_id":0,"digistream":false,"_links":{"self":[{"href":"https:\/\/www.messinaoggi.it\/website\/wp-json\/wp\/v2\/posts\/234043"}],"collection":[{"href":"https:\/\/www.messinaoggi.it\/website\/wp-json\/wp\/v2\/posts"}],"about":[{"href":"https:\/\/www.messinaoggi.it\/website\/wp-json\/wp\/v2\/types\/post"}],"author":[{"embeddable":true,"href":"https:\/\/www.messinaoggi.it\/website\/wp-json\/wp\/v2\/users\/15"}],"replies":[{"embeddable":true,"href":"https:\/\/www.messinaoggi.it\/website\/wp-json\/wp\/v2\/comments?post=234043"}],"version-history":[{"count":12,"href":"https:\/\/www.messinaoggi.it\/website\/wp-json\/wp\/v2\/posts\/234043\/revisions"}],"predecessor-version":[{"id":234055,"href":"https:\/\/www.messinaoggi.it\/website\/wp-json\/wp\/v2\/posts\/234043\/revisions\/234055"}],"wp:featuredmedia":[{"embeddable":true,"href":"https:\/\/www.messinaoggi.it\/website\/wp-json\/wp\/v2\/media\/387"}],"wp:attachment":[{"href":"https:\/\/www.messinaoggi.it\/website\/wp-json\/wp\/v2\/media?parent=234043"}],"wp:term":[{"taxonomy":"category","embeddable":true,"href":"https:\/\/www.messinaoggi.it\/website\/wp-json\/wp\/v2\/categories?post=234043"},{"taxonomy":"post_tag","embeddable":true,"href":"https:\/\/www.messinaoggi.it\/website\/wp-json\/wp\/v2\/tags?post=234043"}],"curies":[{"name":"wp","href":"https:\/\/api.w.org\/{rel}","templated":true}]}}