{"id":234017,"date":"2025-04-01T01:05:41","date_gmt":"2025-03-31T23:05:41","guid":{"rendered":"https:\/\/www.messinaoggi.it\/website\/2025\/04\/01\/migranti-piantedosi-primi-trasferimenti-in-albania-tra-7-10-giorni\/"},"modified":"2025-04-01T09:39:41","modified_gmt":"2025-04-01T07:39:41","slug":"migranti-piantedosi-primi-trasferimenti-in-albania-tra-7-10-giorni","status":"publish","type":"post","link":"https:\/\/www.messinaoggi.it\/website\/2025\/04\/01\/migranti-piantedosi-primi-trasferimenti-in-albania-tra-7-10-giorni\/","title":{"rendered":"Migranti, Piantedosi \u201cPrimi trasferimenti in Albania tra 7-10 giorni\u201d"},"content":{"rendered":"<div>ROMA (ITALPRESS) &#8211;<em> &#8220;E&#8217; ragionevole prevedere che i migranti verranno trasferiti dall&#8217;Italia all&#8217;Albania tra i sette e i dieci giorni: stiamo valutando tutta la logistica dei trasferimenti, ma i tempi saranno quelli. Per adesso abbiamo una capienza che si aggira sui 44 posti, ma pu\u00f2 presto superare i 140&#8221;. <\/em>Cos\u00ec il ministro dell&#8217;Interno, Matteo <strong>Piantedosi,<\/strong> ospite a <em>&#8220;Cinque minuti&#8221;<\/em> su Rai1.<div id=\"div-gpt-ad-Messinaoggi.it-DSK-300x250-corpoart\" style=\"text-align:center;margin:0 auto;\"><\/div><\/p>\n<p><em>&#8220;L&#8217;operazione avviene a spese invariate, perch\u00e8 il Cpr gi\u00e0 esisteva. Al contempo non cambia la funzione complessiva del centro. Non servir\u00e0 l&#8217;approvazione della magistratura, in quanto potranno essere trasferite in Albania anche persone che hanno gi\u00e0 avuto la convalida del giudice di pace sul territorio italiano&#8221;,<\/em> ha spiegato.<div id=\"videoincontent\" style=\"clear:both\";><\/div><\/p>\n<p><em>&#8220;Qualcuno ha parlato della possibilit\u00e0 che possano fare domanda di protezione internazionale e in quel caso se ne dovrebbe occupare la Corte d&#8217;Appello di Roma. Tuttavia la legge \u00e8 strutturata in maniera tale che anche in questo caso verrebbero trattenuti in Albania. Il controllo delle frontiere \u00e8 un tema attuale e una soluzione cui guarda tutta l&#8217;Europa, con l&#8217;obiettivo di salvare il diritto delle persone e al contempo rafforzare il sistema dei rimpatri e iniziare una stagione di contrasto serio al traffico di esseri umani&#8221;,<\/em> ha concluso Piantedosi.<\/p>\n<p>-Foto: Ipa Agency-<\/p>\n<p>(ITALPRESS).<\/p><\/div>\n","protected":false},"excerpt":{"rendered":"<p>ROMA (ITALPRESS) &#8211; &#8220;E&#8217; ragionevole prevedere che i migranti verranno trasferiti dall&#8217;Italia all&#8217;Albania tra i sette e i dieci giorni: stiamo valutando tutta la logistica dei trasferimenti, ma i tempi saranno quelli. Per adesso abbiamo una capienza che si aggira sui 44 posti, ma pu\u00f2 presto superare i 140&#8221;. Cos\u00ec il ministro dell&#8217;Interno, Matteo Piantedosi, [&hellip;]<\/p>\n","protected":false},"author":18,"featured_media":234018,"comment_status":"closed","ping_status":"closed","sticky":false,"template":"","format":"standard","meta":{"ub_ctt_via":"","_mi_skip_tracking":false},"categories":[446,4],"tags":[783],"featured_image_src":"https:\/\/www.messinaoggi.it\/website\/wp-content\/uploads\/2025\/04\/20250331_2492.jpg","author_info":{"display_name":"Admin","author_link":"https:\/\/www.messinaoggi.it\/website\/author\/admin\/"},"digistream_id":0,"digistream":false,"_links":{"self":[{"href":"https:\/\/www.messinaoggi.it\/website\/wp-json\/wp\/v2\/posts\/234017"}],"collection":[{"href":"https:\/\/www.messinaoggi.it\/website\/wp-json\/wp\/v2\/posts"}],"about":[{"href":"https:\/\/www.messinaoggi.it\/website\/wp-json\/wp\/v2\/types\/post"}],"author":[{"embeddable":true,"href":"https:\/\/www.messinaoggi.it\/website\/wp-json\/wp\/v2\/users\/18"}],"replies":[{"embeddable":true,"href":"https:\/\/www.messinaoggi.it\/website\/wp-json\/wp\/v2\/comments?post=234017"}],"version-history":[{"count":1,"href":"https:\/\/www.messinaoggi.it\/website\/wp-json\/wp\/v2\/posts\/234017\/revisions"}],"predecessor-version":[{"id":234021,"href":"https:\/\/www.messinaoggi.it\/website\/wp-json\/wp\/v2\/posts\/234017\/revisions\/234021"}],"wp:featuredmedia":[{"embeddable":true,"href":"https:\/\/www.messinaoggi.it\/website\/wp-json\/wp\/v2\/media\/234018"}],"wp:attachment":[{"href":"https:\/\/www.messinaoggi.it\/website\/wp-json\/wp\/v2\/media?parent=234017"}],"wp:term":[{"taxonomy":"category","embeddable":true,"href":"https:\/\/www.messinaoggi.it\/website\/wp-json\/wp\/v2\/categories?post=234017"},{"taxonomy":"post_tag","embeddable":true,"href":"https:\/\/www.messinaoggi.it\/website\/wp-json\/wp\/v2\/tags?post=234017"}],"curies":[{"name":"wp","href":"https:\/\/api.w.org\/{rel}","templated":true}]}}