{"id":233991,"date":"2025-03-31T21:05:43","date_gmt":"2025-03-31T19:05:43","guid":{"rendered":"https:\/\/www.messinaoggi.it\/website\/2025\/03\/31\/giornate-di-chiavari-seconda-edizione-al-via-dal-19-aprile\/"},"modified":"2025-03-31T21:05:43","modified_gmt":"2025-03-31T19:05:43","slug":"giornate-di-chiavari-seconda-edizione-al-via-dal-19-aprile","status":"publish","type":"post","link":"https:\/\/www.messinaoggi.it\/website\/2025\/03\/31\/giornate-di-chiavari-seconda-edizione-al-via-dal-19-aprile\/","title":{"rendered":"Giornate di Chiavari, seconda edizione al via dal 19 aprile"},"content":{"rendered":"<div>ROMA (ITALPRESS) &#8211; Un viaggio alla scoperta del territorio, tra esperienze culturali, artistiche e spirituali. Tornano, per la seconda edizione, le &#8216;Giornate di Chiavar\u00ec, il festival organizzato dall&#8217;assessorato al Turismo di Chiavari, ideato e diretto da Massimiliano Finazzer Flory. &#8216;Il movimento \u00e8 causa di ogni vit\u00e0, dice l&#8217;attore e regista Massimiliano Finazzer Flory che cita &#8216;il suo Leonardo da Vinc\u00ec dopo il successo in Corea. Due i momenti principali del festival: il primo sar\u00e0 dedicato alla Pasqua dal 19 al 21 aprile, il secondo dal 30 maggio al 2 giugno 2025. Verso \u00e8 il filo conduttore di questa seconda edizione, un tema che attraversa la poesia, la storia, l&#8217;arte, la musica, lo spettacolo.<br \/>&#8216;Verso non \u00e8 solo un&#8217;indicazione di luogo, ovvero Chiavari, ma anche di tempo. Di un tempo altro che fa di verso anche una direzione poetica. Cos\u00ec abbiamo ancora una Chiavari segreta, anche ai suoi cittadini, che si svela ai loro occhi e ai loro cuori. Abbiamo una Chiavari verso il mare per navigare con filosofia. Abbiamo una Chiavari verso le stelle perch\u00e8 solo da fuori, a volte, si capisce il nostro essere qui. Abbiamo anche il verso dell&#8217;invenzione e del sorriso, ma anche della liberazione dai nostri pregiudizi &#8211; dichiara Massimiliano Finazzer Flory, ideatore e direttore artistico della rassegna &#8211; Verso, dunque, le Giornate di Chiavari per scoprire un triplice turismo esperienziale, educativo, spirituale e sempre attivo anche nei confronti del territorio. Ma verso \u00e8 anche il &#8220;dietro&#8221; dell&#8217;opera d&#8217;arte, il rovescio di un foglio, di un quadro e forse di un paesaggio. Qual \u00e8 dunque il verso della cultura? E&#8217; una domanda da rivolgere all&#8217;Itali\u00e0.<br \/>&#8220;Le Giornate di Chiavari sono molto di pi\u00f9 di una rassegna, sono un vero e proprio viaggio alla scoperta della nostra citt\u00e0. Sono un invito ad esplorarla da diverse prospettive, svelandone i tesori nascosti e le storie affascinanti &#8211; spiega il sindaco di Chiavari, Federico Messuti &#8211; Una straordinaria occasione per celebrare la nostra cultura e promuovere la nostra citt\u00e0&#8217;.<br \/>&#8216;L&#8217;edizione 2025 si distingue per la sua formula innovativa, con un&#8217;anteprima ad aprile e un evento principale a maggio-giugno, e per la sua capacit\u00e0 di abbracciare generi diversi, e per tutte le et\u00e0. Un vero e proprio motore di valorizzazione del nostro territorio. Investire in manifestazioni come questa significa investire nel futuro di Chiavari, ricercando eventi di qualit\u00e0&#8217; aggiunge l&#8217;assessore alla Promozione alla citt\u00e0, Gianluca Ratto.<br \/>Un calendario ricchissimo, che attraversa luoghi simbolici della citt\u00e0 come il castello di Chiavari, Palazzo Rocca, l&#8217;Auditorium San Francesco, la cattedrale, il cinema Mignon, il lungomare, il porto turistico, con eventi pensati per tutti i gusti.<br \/>Si parte sabato 19 aprile con la Chiavari Segreta, le visite guidate nel cuore antico della citt\u00e0 per scoprire le radici storiche del Castello, in collaborazione con la Fondazione Filantropica ETS Castello di Chiavari, fondata da Enrico ed Adriana Campagnoli. Seguir\u00e0, alle 16.30 presso l&#8217;Auditorium San Francesco, &#8220;La nera signora&#8221; un dialogo, tratto da un testo di Alfonso Maria di Nola, tra Elena Dell\u00f9, Valentino Rizzo e Daniela Steila, in collaborazione con il Museo Archeologico Nazionale di Chiavari.<br \/>Domenica 20 aprile appuntamento al cinema Mignon. In programma una proiezione gratuita di un &#8220;La Gazza Ladra&#8221; di Robert Gu\u00e8diguian, mentre luned\u00ec 21 aprile la rassegna raggiunger\u00e0 le stelle con Paolo Nespoli, astronauta, protagonista di una lezione magistrale in Cattedrale, accompagnato dalle letture teatrali di Massimiliano Finazzer Flory della &#8220;Lettera ai giovani&#8221; di Giovanni Paolo II, a vent&#8217;anni dalla scomparsa.<br \/>Il secondo capitolo delle Giornate di Chiavari si aprir\u00e0 venerd\u00ec 30 maggio con l&#8217;inaugurazione della mostra interattiva &#8220;Leonardo da Vinci e l&#8217;acqua&#8221;, rivolta alle scuole e al grande pubblico, seguita da un incontro con la storica dell&#8217;arte Sara Taglialagamba.<br \/>In serata l&#8217;omaggio ad Andrea Camilleri, a cent&#8217;anni dalla nascita, e lo spettacolo comico di Dario Vergassola.<br \/>Sabato 31 maggio si affronteranno tematiche profonde e attuali, dalle foibe con Greta Sclaunich al pensiero economico di Milton Friedman, fino alla cronaca contemporanea con Michele Brambilla, direttore del Secolo XIX. In piazza San Giovanni sar\u00e0 realizzata una fusione pubblica, e unica in Liguria, di una campana celebrativa. Poi alla scoperta di una Chiavari Segreta con l&#8217;apertura del campanile della Cattedrale di N.S. dell&#8217;Orto.<br \/>Domenica 1 giugno non mancheranno momenti dedicati al benessere, con lo yoga in passeggiata, ai bambini, con uno spettacolo su Turandot, alla musica: da Laura Marzadori (primo violino del Teatro alla Scala) allo spettacolo &#8220;Visse d&#8217;arte, Visse d&#8217;amore&#8221; con Finazzer Flory ed Elisa Maffi.Luned\u00ec 2 giugno, gran finale con il ritorno della Chiavari Segreta e la riapertura del Castello, e un suggestivo appuntamento &#8220;Verso il mare&#8221;: un&#8217;esperienza in navigazione tra riflessione filosofica e musica dal vivo con Massimo Don\u00e0. In serata, a conclusione della manifestazione, l&#8217;eco- performance di Giovanna Zampagni, dove materiali di scarto uniti con un assemblaggio di rifiuti riprenderanno vita, e il dialogo provocatorio con Giuseppe Cruciani concluderanno la manifestazione.<br \/>La primavera del 2025 riserva ancora suggestioni sempre con Massimiliano Finazzer Flory direttore artistico con &#8220;Dante per i borghi. Viaggio favoloso nell&#8217;Italia che c&#8217;\u00e8&#8221; Prosegue infatti il progetto itinerante in venti tappe &#8220;Dante per i borghi. Viaggio favoloso nell&#8217;Italia che c&#8217;\u00e8&#8221;, ideato e con la direzione artistica da Massimiliano Finazzer Flory, in collaborazione con la Societ\u00e0 Dante Alighieri, con il sostegno del Ministero del Turismo, con il patrocinio del Giubileo 2025 Citt\u00e0 del Vaticano, con il patrocinio e la collaborazione della Societ\u00e0 Geografica Italiana e il supporto di Intesa Sanpaolo.<br \/>\u00abL&#8217;idea di questa iniziativa \u00e8 di dare un senso all&#8217;esilio del nostro Padre della Patria, camminando con lui per rifondare ogni giorno l&#8217;Italia a partire da una letteratura di fede, di speranza, di carit\u00e0&#8221;, commenta l&#8217;ideatore e direttore artistico Massimiliano Finazzer Flory. &#8220;Con essa si presenta una straordinaria possibilit\u00e0, di vivere un cammino alla riscoperta del paesaggio con la poesia, alla partecipazione di saperi e sapori della propria storia&#8221;.\u00bb Grazie alla collaborazione con il Comune di Grottole, la nona tappa avverr\u00e0 in Basilicata venerd\u00ec 4 aprile a Grottole (Matera) alle ore 18.30 nel Castello Feudale di Sichinulfo.<br \/>Interventi di saluto: Angelo De Vito, Sindaco del Comune di Grottole e Mariapina Cosentino, Assessore alla Cultura.<br \/>Breve lezione di geografia con Annalisa Romeo, per orientarci meglio su questa terra. Letture teatrali dalla Divina Commedia interpretate da Massimiliano Finazzer Flory, un viaggio tra le stelle perdute, indicate e ritrovate. Alla conclusione assaggi dei prodotti locali.<br \/>La decima tappa avverr\u00e0 in Puglia sabato 5 aprile a Locorotondo (Bari) alle ore 20.00 in Chiesa Madre di S. Giorgio Martire. Lezione di geografia con Giovanna Spinelli. Letture teatrali dalla Divina Commedia interpretate da Massimiliano Finazzer Flory.<br \/>Alla conclusione negli spazi adiacenti alla Chiesa assaggi dei prodotti locali e grazie alla collaborazione con Angelica il momento di convivialit\u00e0 ci far\u00e0 scoprire l&#8217;eccellenza dell&#8217;olio extravergine d&#8217;oliva Angelica EVO; perch\u00e8 anche il gusto \u00e8 mediazione culturale.<br \/>Il tour prosegue poi in Piemonte domenica 13 aprile a Orta San Giulio (Novara) ore 16.30 nella Chiesa parrocchiale di Santa Maria Assunta, lezione di geografia con Stefania Cerutti, letture teatrali dalla Divina Commedia interpretate da Massimiliano Finazzer Flory, alla conclusione in piazza Motta assaggi dei prodotti locali.<br \/>Tutti gli eventi di &#8220;Dante per i borghi, viaggio favoloso nell&#8217;Italia che c&#8217;\u00e8&#8221; sono gratuiti e aperti al pubblico.<br \/>Dal punto di vista cinematografico il regista e attore Massimiliano Finazzer Flory sta completando le riprese del docufilm &#8220;Nel tuo occhio&#8221; Omaggio a Carlo Michelstaedter Un segno di speranza su di un corpo ferito, cos\u00ec \u00e8 stato Carlo Michelstaedter nell&#8217;Europa del primo Novecento, ora un docufilm attraversa per la prima volta questo ponte per raccontare la prima capitale transfrontaliera della storia dell&#8217;Europa &#8220;Go 2025&#8221;.<br \/>Il trailer del docu sar\u00e0 presentato al Salone del Libro di Torino il 16 maggio.<br \/>Docufilm scritto e diretto dal regista e attore Massimiliano Finazzer Flory &#8220;Nel tuo occhio&#8221; Omaggio a Carlo Michelstaedter, progetto voluto da Regione Friuli Venezia Giulia in collaborazione con RAI Cinema e il Ministero degli Esteri.<br \/>-foto ufficio stampa Finazzer Flory &#8211;<br \/>(ITALPRESS).<\/div>\n<div id=\"div-gpt-ad-Messinaoggi.it-DSK-300x250-corpoart\" style=\"text-align:center;margin:0 auto;\"><\/div><\/p><div id=\"videoincontent\" style=\"clear:both\";><\/div>","protected":false},"excerpt":{"rendered":"<p>ROMA (ITALPRESS) &#8211; Un viaggio alla scoperta del territorio, tra esperienze culturali, artistiche e spirituali. Tornano, per la seconda edizione, le &#8216;Giornate di Chiavar\u00ec, il festival organizzato dall&#8217;assessorato al Turismo di Chiavari, ideato e diretto da Massimiliano Finazzer Flory. &#8216;Il movimento \u00e8 causa di ogni vit\u00e0, dice l&#8217;attore e regista Massimiliano Finazzer Flory che cita [&hellip;]<\/p>\n","protected":false},"author":18,"featured_media":233992,"comment_status":"closed","ping_status":"closed","sticky":false,"template":"","format":"standard","meta":{"ub_ctt_via":"","_mi_skip_tracking":false},"categories":[446],"tags":[783],"featured_image_src":"https:\/\/www.messinaoggi.it\/website\/wp-content\/uploads\/2025\/03\/20250331_2106.jpg","author_info":{"display_name":"Admin","author_link":"https:\/\/www.messinaoggi.it\/website\/author\/admin\/"},"digistream_id":0,"digistream":false,"_links":{"self":[{"href":"https:\/\/www.messinaoggi.it\/website\/wp-json\/wp\/v2\/posts\/233991"}],"collection":[{"href":"https:\/\/www.messinaoggi.it\/website\/wp-json\/wp\/v2\/posts"}],"about":[{"href":"https:\/\/www.messinaoggi.it\/website\/wp-json\/wp\/v2\/types\/post"}],"author":[{"embeddable":true,"href":"https:\/\/www.messinaoggi.it\/website\/wp-json\/wp\/v2\/users\/18"}],"replies":[{"embeddable":true,"href":"https:\/\/www.messinaoggi.it\/website\/wp-json\/wp\/v2\/comments?post=233991"}],"version-history":[{"count":0,"href":"https:\/\/www.messinaoggi.it\/website\/wp-json\/wp\/v2\/posts\/233991\/revisions"}],"wp:featuredmedia":[{"embeddable":true,"href":"https:\/\/www.messinaoggi.it\/website\/wp-json\/wp\/v2\/media\/233992"}],"wp:attachment":[{"href":"https:\/\/www.messinaoggi.it\/website\/wp-json\/wp\/v2\/media?parent=233991"}],"wp:term":[{"taxonomy":"category","embeddable":true,"href":"https:\/\/www.messinaoggi.it\/website\/wp-json\/wp\/v2\/categories?post=233991"},{"taxonomy":"post_tag","embeddable":true,"href":"https:\/\/www.messinaoggi.it\/website\/wp-json\/wp\/v2\/tags?post=233991"}],"curies":[{"name":"wp","href":"https:\/\/api.w.org\/{rel}","templated":true}]}}