{"id":233989,"date":"2025-03-31T21:05:40","date_gmt":"2025-03-31T19:05:40","guid":{"rendered":"https:\/\/www.messinaoggi.it\/website\/2025\/03\/31\/maturita-valditara-firma-ordinanza-passo-avanti-per-scuola-seria\/"},"modified":"2025-03-31T21:05:40","modified_gmt":"2025-03-31T19:05:40","slug":"maturita-valditara-firma-ordinanza-passo-avanti-per-scuola-seria","status":"publish","type":"post","link":"https:\/\/www.messinaoggi.it\/website\/2025\/03\/31\/maturita-valditara-firma-ordinanza-passo-avanti-per-scuola-seria\/","title":{"rendered":"Maturit\u00e0, Valditara firma ordinanza \u201cPasso avanti per scuola seria\u201d"},"content":{"rendered":"<div>ROMA (ITALPRESS) &#8211; Il <strong>ministro<\/strong> dell&#8217;Istruzione e del Merito, Giuseppe <strong>Valditara,<\/strong> ha firmato l&#8217;<strong>Ordinanza<\/strong> ministeriale che definisce le modalit\u00e0 di <strong>svolgimento dell&#8217;Esame di Stato per l&#8217;anno scolastico 2024\/2025,<\/strong> che avr\u00e0 inizio mercoled\u00ec 18 giugno 2025 alle ore 8:30 con lo svolgimento della prima prova scritta.<div id=\"div-gpt-ad-Messinaoggi.it-DSK-300x250-corpoart\" style=\"text-align:center;margin:0 auto;\"><\/div><\/p>\n<p>Dall&#8217;anno scolastico in corso costituisce requisito per l&#8217;ammissione all&#8217;Esame di Stato lo svolgimento dei Percorsi per le Competenze Trasversali e per l&#8217;Orientamento (PCTO) e\/o delle attivit\u00e0 assimilabili. Per i candidati esterni le attivit\u00e0 assimilabili ai PCTO sono accertate e valutate dal Consiglio della classe dell&#8217;istituzione scolastica, statale o paritaria.<div id=\"videoincontent\" style=\"clear:both\";><\/div><\/p>\n<p>Inoltre, in attuazione delle disposizioni introdotte dalla legge 150\/2024 in materia di valutazione del comportamento degli studenti della Scuola secondaria di secondo grado, qualora il candidato riporti, in sede di scrutinio finale, una valutazione inferiore a sei decimi, non sar\u00e0 ammesso all&#8217;Esame di Stato, se invece, la valutazione del comportamento sar\u00e0 pari a sei decimi, in sede di colloquio discuter\u00e0 un elaborato critico in materia di cittadinanza attiva e solidale fondata sul rispetto dei principi costituzionali.<\/p>\n<p>La definizione dell&#8217;argomento oggetto dell&#8217;elaborato sar\u00e0 effettuata dal Consiglio di classe nel corso dello scrutinio finale; l&#8217;assegnazione dell&#8217;elaborato ed eventuali altre indicazioni ritenute utili, anche in relazione a tempi e modalit\u00e0 di consegna, saranno comunicate al candidato entro il giorno successivo a quello in cui ha avuto luogo lo scrutinio stesso.<\/p>\n<p>La valutazione della condotta incider\u00e0 sui crediti per l&#8217;ammissione all&#8217;Esame di Stato. Infatti, il punteggio pi\u00f9 alto potr\u00e0 essere assegnato esclusivamente agli studenti che avranno ottenuto un voto di comportamento pari o superiore a nove decimi. Tale disposizione trova applicazione anche ai fini del calcolo del credito degli studenti frequentanti, nel corrente anno scolastico, il terzultimo e penultimo anno.<\/p>\n<p><em>&#8220;Con queste misure compiamo un nuovo passo avanti per una scuola seria, formativa, che educhi al rispetto e alla responsabilit\u00e0&#8221;,<\/em> ha dichiarato il ministro Valditara. <em>&#8220;Vogliamo una scuola che premi il merito e prepari gli studenti ad affrontare il futuro con consapevolezza e competenza. Valorizzare il comportamento dei nostri ragazzi \u00e8 funzionale a ristabilire il principio della responsabilit\u00e0 individuale, un elemento cruciale nella formazione dei cittadini di domani&#8221;<\/em>, ha concluso.<\/p>\n<p>&#8211; Foto IPA Agency &#8211;<\/p>\n<p>(ITALPRESS).<\/p><\/div>\n","protected":false},"excerpt":{"rendered":"<p>ROMA (ITALPRESS) &#8211; Il ministro dell&#8217;Istruzione e del Merito, Giuseppe Valditara, ha firmato l&#8217;Ordinanza ministeriale che definisce le modalit\u00e0 di svolgimento dell&#8217;Esame di Stato per l&#8217;anno scolastico 2024\/2025, che avr\u00e0 inizio mercoled\u00ec 18 giugno 2025 alle ore 8:30 con lo svolgimento della prima prova scritta. Dall&#8217;anno scolastico in corso costituisce requisito per l&#8217;ammissione all&#8217;Esame di [&hellip;]<\/p>\n","protected":false},"author":18,"featured_media":233990,"comment_status":"closed","ping_status":"closed","sticky":false,"template":"","format":"standard","meta":{"ub_ctt_via":"","_mi_skip_tracking":false},"categories":[446],"tags":[783],"featured_image_src":"https:\/\/www.messinaoggi.it\/website\/wp-content\/uploads\/2025\/03\/20250331_1966.jpg","author_info":{"display_name":"Admin","author_link":"https:\/\/www.messinaoggi.it\/website\/author\/admin\/"},"digistream_id":0,"digistream":false,"_links":{"self":[{"href":"https:\/\/www.messinaoggi.it\/website\/wp-json\/wp\/v2\/posts\/233989"}],"collection":[{"href":"https:\/\/www.messinaoggi.it\/website\/wp-json\/wp\/v2\/posts"}],"about":[{"href":"https:\/\/www.messinaoggi.it\/website\/wp-json\/wp\/v2\/types\/post"}],"author":[{"embeddable":true,"href":"https:\/\/www.messinaoggi.it\/website\/wp-json\/wp\/v2\/users\/18"}],"replies":[{"embeddable":true,"href":"https:\/\/www.messinaoggi.it\/website\/wp-json\/wp\/v2\/comments?post=233989"}],"version-history":[{"count":0,"href":"https:\/\/www.messinaoggi.it\/website\/wp-json\/wp\/v2\/posts\/233989\/revisions"}],"wp:featuredmedia":[{"embeddable":true,"href":"https:\/\/www.messinaoggi.it\/website\/wp-json\/wp\/v2\/media\/233990"}],"wp:attachment":[{"href":"https:\/\/www.messinaoggi.it\/website\/wp-json\/wp\/v2\/media?parent=233989"}],"wp:term":[{"taxonomy":"category","embeddable":true,"href":"https:\/\/www.messinaoggi.it\/website\/wp-json\/wp\/v2\/categories?post=233989"},{"taxonomy":"post_tag","embeddable":true,"href":"https:\/\/www.messinaoggi.it\/website\/wp-json\/wp\/v2\/tags?post=233989"}],"curies":[{"name":"wp","href":"https:\/\/api.w.org\/{rel}","templated":true}]}}