{"id":233962,"date":"2025-03-31T19:05:41","date_gmt":"2025-03-31T17:05:41","guid":{"rendered":"https:\/\/www.messinaoggi.it\/website\/2025\/03\/31\/cgil-con-futura-2025-al-via-campagna-referendaria-lavoro-e-cittadinanza\/"},"modified":"2025-03-31T19:05:41","modified_gmt":"2025-03-31T17:05:41","slug":"cgil-con-futura-2025-al-via-campagna-referendaria-lavoro-e-cittadinanza","status":"publish","type":"post","link":"https:\/\/www.messinaoggi.it\/website\/2025\/03\/31\/cgil-con-futura-2025-al-via-campagna-referendaria-lavoro-e-cittadinanza\/","title":{"rendered":"Cgil, con Futura 2025 al via campagna referendaria lavoro e cittadinanza"},"content":{"rendered":"<div>ROMA (ITALPRESS) &#8211;<strong> Venerd\u00ec 11 e sabato 12 aprile alla Camera del Lavoro di Milano e in diretta streaming CGIL<\/strong> dar\u00e0 il via alla sua <strong>campagna in vista dei referendum su lavoro e cittadinanza con Futura 2025<\/strong>, due giorni per dare voce a proposte, condivisioni, confronti e idee sul tema della partecipazione di ogni cittadino alla vita politica.<div id=\"div-gpt-ad-Messinaoggi.it-DSK-300x250-corpoart\" style=\"text-align:center;margin:0 auto;\"><\/div><\/p>\n<p>&#8220;<strong><em>Il voto \u00e8 la nostra rivolta&#8221;<\/em><\/strong> \u00e8 il titolo scelto per questa edizione, perch\u00e8 in un sistema democratico la partecipazione \u00e8 lo strumento pi\u00f9 potente per cambiare le cose. Futura 2025 sar\u00e0 infatti uno spazio che vuole sottolineare come la politica non \u00e8 solo quella dei partiti, ma si articola anche e soprattutto grazie alla partecipazione dal basso.<div id=\"videoincontent\" style=\"clear:both\";><\/div><\/p>\n<p>Raccogliendo i punti di vista di chi ha a cuore il Paese e di chi non si sente rappresentato, Futura ha l&#8217;obiettivo di sensibilizzare sull&#8217;importanza del referendum come strumento di coinvolgimento per decidere insieme il domani. A far sentire la loro voce e a confrontarsi saranno personalit\u00e0 del mondo della cultura, dello spettacolo, dell&#8217;informazione e della societ\u00e0 civile: visioni distanti che si incontrano e dialogano per porre al centro il cittadino e il lavoratore.<\/p>\n<p>La giornata di sabato 12 aprile vedr\u00e0 l&#8217;evento arrivare in oltre 120 piazze italiane alle quali si aggiungono anche Parigi e Bruxelles, che si collegheranno con Milano per condividere idee e lanciare le iniziative dai territori.<\/p>\n<p>Nell&#8217;intervista di oggi al Corriere della Sera <strong>il Segretario della CGIL Maurizio Landini<\/strong> ha dichiarato:<em> &#8220;Con il voto dell&#8217;8 e 9 giugno si possono cambiare le cose, creando le condizioni per un salario fondato sulla stabilit\u00e0 e la sicurezza del lavoro&#8221;. <\/em>&#8220;<em>Non \u00e8 facile in un Paese dove ormai met\u00e0 degli elettori non va a votare<\/em> &#8211; continua Landini &#8211; <em>ma ci sono tutte i presupposti per raggiungere il quorum. Quello referendario non \u00e8 un voto che delega ma consente di decidere direttamente. In caso di vittoria, il giorno dopo il voto due milioni e mezzo di persone otterranno la cittadinanza italiana, i lavoratori delle aziende con pi\u00f9 di 15 dipendenti riavranno l&#8217;articolo 18 dello Statuto dei lavoratori contro i licenziamenti, e la responsabilit\u00e0 di incidenti sui lavori appaltati si estender\u00e0 alle imprese appaltatrici&#8221;.<\/em><\/p>\n<p>&#8211; Foto IPA Agency &#8211;<\/p>\n<p>(ITALPRESS).<\/p><\/div>\n","protected":false},"excerpt":{"rendered":"<p>ROMA (ITALPRESS) &#8211; Venerd\u00ec 11 e sabato 12 aprile alla Camera del Lavoro di Milano e in diretta streaming CGIL dar\u00e0 il via alla sua campagna in vista dei referendum su lavoro e cittadinanza con Futura 2025, due giorni per dare voce a proposte, condivisioni, confronti e idee sul tema della partecipazione di ogni cittadino [&hellip;]<\/p>\n","protected":false},"author":18,"featured_media":233963,"comment_status":"closed","ping_status":"closed","sticky":false,"template":"","format":"standard","meta":{"ub_ctt_via":"","_mi_skip_tracking":false},"categories":[446],"tags":[783],"featured_image_src":"https:\/\/www.messinaoggi.it\/website\/wp-content\/uploads\/2025\/03\/20250331_1295.jpg","author_info":{"display_name":"Admin","author_link":"https:\/\/www.messinaoggi.it\/website\/author\/admin\/"},"digistream_id":0,"digistream":false,"_links":{"self":[{"href":"https:\/\/www.messinaoggi.it\/website\/wp-json\/wp\/v2\/posts\/233962"}],"collection":[{"href":"https:\/\/www.messinaoggi.it\/website\/wp-json\/wp\/v2\/posts"}],"about":[{"href":"https:\/\/www.messinaoggi.it\/website\/wp-json\/wp\/v2\/types\/post"}],"author":[{"embeddable":true,"href":"https:\/\/www.messinaoggi.it\/website\/wp-json\/wp\/v2\/users\/18"}],"replies":[{"embeddable":true,"href":"https:\/\/www.messinaoggi.it\/website\/wp-json\/wp\/v2\/comments?post=233962"}],"version-history":[{"count":0,"href":"https:\/\/www.messinaoggi.it\/website\/wp-json\/wp\/v2\/posts\/233962\/revisions"}],"wp:featuredmedia":[{"embeddable":true,"href":"https:\/\/www.messinaoggi.it\/website\/wp-json\/wp\/v2\/media\/233963"}],"wp:attachment":[{"href":"https:\/\/www.messinaoggi.it\/website\/wp-json\/wp\/v2\/media?parent=233962"}],"wp:term":[{"taxonomy":"category","embeddable":true,"href":"https:\/\/www.messinaoggi.it\/website\/wp-json\/wp\/v2\/categories?post=233962"},{"taxonomy":"post_tag","embeddable":true,"href":"https:\/\/www.messinaoggi.it\/website\/wp-json\/wp\/v2\/tags?post=233962"}],"curies":[{"name":"wp","href":"https:\/\/api.w.org\/{rel}","templated":true}]}}