{"id":233960,"date":"2025-03-31T19:05:39","date_gmt":"2025-03-31T17:05:39","guid":{"rendered":"https:\/\/www.messinaoggi.it\/website\/2025\/03\/31\/crosetto-e-in-corso-una-guerra-ibrida-pericolosa-e-sotterranea\/"},"modified":"2025-03-31T19:05:39","modified_gmt":"2025-03-31T17:05:39","slug":"crosetto-e-in-corso-una-guerra-ibrida-pericolosa-e-sotterranea","status":"publish","type":"post","link":"https:\/\/www.messinaoggi.it\/website\/2025\/03\/31\/crosetto-e-in-corso-una-guerra-ibrida-pericolosa-e-sotterranea\/","title":{"rendered":"Crosetto \u201cE\u2019 in corso una guerra ibrida pericolosa e sotterranea\u201d"},"content":{"rendered":"<div>ROMA (ITALPRESS) &#8211;<em> &#8220;Vedo che, oggi, molti si stupiscono per una notizia uscita ieri e che riguarda un conclamato tentativo di spionaggio industriale. In questo caso, ai danni di eccellenze industriali italiane<strong>. La procura della Repubblica di Milano si \u00e8 mossa con tempestivit\u00e0 ed ha aperto un fascicolo, per ora contro ignoti. Il reato contestato \u00e8 molto grave:<\/strong> &#8220;tentato spionaggio militare o industriale&#8221; con l&#8217;aggravante della &#8220;finalit\u00e0 di terrorismo&#8221;. Vedremo gli sviluppi. Mi limito ad aggiungere questo. <strong>Sono anni che sollevo l&#8217;attenzione e lancio allarmi, a volte inascoltato, e in ogni occasione possibile, per mettere sotto i riflettori quanto accade. E&#8217; in corso una guerra ibrida<\/strong>&#8220;.<\/em> Cos\u00ec il <strong>ministro della Difesa Guido Crosetto in un post su X.<br \/>\n<\/strong><br \/>\n<em>&#8220;Pericolosa quanto sotterranea, costante e asfissiante quanto quotidiana, che \u00e8 fatta da un mix di attacchi cyber mirati, reclutamento di &#8220;attivisti&#8221; (traduco: persone a libro paga di potenze o entit\u00e0 straniere e ostili), scientifiche e massicce campagne di disinformazione di massa, furti di tecnologie e brevetti militari e industriali, pi\u00f9 molti altri atti ostili, perpetrati da pi\u00f9 attori, statuali e non<\/em> &#8211; prosegue Crosetto -. <em>Ma, non a caso, quando parlo, fino allo sfinimento, della necessit\u00e0 di &#8220;difendere&#8221; il nostro Paese, le comunit\u00e0 cui apparteniamo e le alleanze di cui facciamo parte, dico anche che non mi convince il termine &#8220;riarmo&#8221; e lo slogan &#8220;Rearm Europe&#8221;<\/em>.<em> E lo dico proprio perch\u00e8 la nostra difesa e la nostra sicurezza, nazionale e collettiva, vanno garantite su pi\u00f9 piani, compresi quelli della &#8220;guerra ibrida&#8221; e non solo quelli tradizionali, i quali pure restano i pi\u00f9 evidenti davanti gli occhi di tutti&#8221;.<\/em><div id=\"div-gpt-ad-Messinaoggi.it-DSK-300x250-corpoart\" style=\"text-align:center;margin:0 auto;\"><\/div><\/p>\n<p>&#8211; Foto IPA Agency &#8211;<div id=\"videoincontent\" style=\"clear:both\";><\/div><\/p>\n<p>(ITALPRESS).<\/p><\/div>\n","protected":false},"excerpt":{"rendered":"<p>ROMA (ITALPRESS) &#8211; &#8220;Vedo che, oggi, molti si stupiscono per una notizia uscita ieri e che riguarda un conclamato tentativo di spionaggio industriale. In questo caso, ai danni di eccellenze industriali italiane. La procura della Repubblica di Milano si \u00e8 mossa con tempestivit\u00e0 ed ha aperto un fascicolo, per ora contro ignoti. Il reato contestato [&hellip;]<\/p>\n","protected":false},"author":18,"featured_media":233961,"comment_status":"closed","ping_status":"closed","sticky":false,"template":"","format":"standard","meta":{"ub_ctt_via":"","_mi_skip_tracking":false},"categories":[446],"tags":[783],"featured_image_src":"https:\/\/www.messinaoggi.it\/website\/wp-content\/uploads\/2025\/03\/20250331_1026.jpg","author_info":{"display_name":"Admin","author_link":"https:\/\/www.messinaoggi.it\/website\/author\/admin\/"},"digistream_id":0,"digistream":false,"_links":{"self":[{"href":"https:\/\/www.messinaoggi.it\/website\/wp-json\/wp\/v2\/posts\/233960"}],"collection":[{"href":"https:\/\/www.messinaoggi.it\/website\/wp-json\/wp\/v2\/posts"}],"about":[{"href":"https:\/\/www.messinaoggi.it\/website\/wp-json\/wp\/v2\/types\/post"}],"author":[{"embeddable":true,"href":"https:\/\/www.messinaoggi.it\/website\/wp-json\/wp\/v2\/users\/18"}],"replies":[{"embeddable":true,"href":"https:\/\/www.messinaoggi.it\/website\/wp-json\/wp\/v2\/comments?post=233960"}],"version-history":[{"count":0,"href":"https:\/\/www.messinaoggi.it\/website\/wp-json\/wp\/v2\/posts\/233960\/revisions"}],"wp:featuredmedia":[{"embeddable":true,"href":"https:\/\/www.messinaoggi.it\/website\/wp-json\/wp\/v2\/media\/233961"}],"wp:attachment":[{"href":"https:\/\/www.messinaoggi.it\/website\/wp-json\/wp\/v2\/media?parent=233960"}],"wp:term":[{"taxonomy":"category","embeddable":true,"href":"https:\/\/www.messinaoggi.it\/website\/wp-json\/wp\/v2\/categories?post=233960"},{"taxonomy":"post_tag","embeddable":true,"href":"https:\/\/www.messinaoggi.it\/website\/wp-json\/wp\/v2\/tags?post=233960"}],"curies":[{"name":"wp","href":"https:\/\/api.w.org\/{rel}","templated":true}]}}