{"id":233904,"date":"2025-03-31T13:05:48","date_gmt":"2025-03-31T11:05:48","guid":{"rendered":"https:\/\/www.messinaoggi.it\/website\/2025\/03\/31\/landini-non-saro-in-piazza-col-m5s-ma-rispetto-liniziativa\/"},"modified":"2025-03-31T13:05:48","modified_gmt":"2025-03-31T11:05:48","slug":"landini-non-saro-in-piazza-col-m5s-ma-rispetto-liniziativa","status":"publish","type":"post","link":"https:\/\/www.messinaoggi.it\/website\/2025\/03\/31\/landini-non-saro-in-piazza-col-m5s-ma-rispetto-liniziativa\/","title":{"rendered":"Landini \u201cNon sar\u00f2 in piazza col M5s, ma rispetto l\u2019iniziativa\u201d"},"content":{"rendered":"<div>ROMA (ITALPRESS) &#8211; &#8220;C&#8217;\u00e8 s\u00ec il problema di una politica per la sicurezza dell&#8217;Europa, ma per noi deve essere fondata sui diritti, il lavoro e lo Stato sociale&#8221;. Cos\u00ec, in una intervista al Corriere della Sera, il segretario generale della Cgil, Maurizio Landini, sottolineando che il sindacato non sar\u00e0 in piazza con il Movimento 5 Stelle sabato 5 aprile, alla manifestazione contro il riarmo. &#8220;La Cgil &#8211; spiega &#8211; non aderisce a manifestazioni di partito. Poi, le singole persone faranno quello che ritengono pi\u00f9 opportuno&#8221;. &#8220;Il segretario della Cgil non partecipa &#8211; aggiunge -. Ma noi siamo rispettosi di questa e di altre iniziative contro il riarmo&#8221;. La riconversione dell&#8217;automotive alla difesa, &#8220;credo sia una stupidata totale &#8211; prosegue Landini -. Qui siamo davanti a scelte di fondo. Quando produci le armi poi le devi usare. Non \u00e8 accettabile questa ipotesi di riconversione, perch\u00e8 cos\u00ec si entra in una economia di guerra, quando invece alle persone bisogna dare sviluppo e diritti. L&#8217;Italia e l&#8217;Europa hanno il problema di non essere pi\u00f9 al centro dell&#8217;innovazione, come si vede sull&#8217;intelligenza artificiale. E anche sui settori pi\u00f9 tradizionali, siderurgia, chimica, mobilit\u00e0, abbiamo smesso da tempo di investire. Riteniamo che le politiche industriali debbano avere altri obiettivi, dalla stabilit\u00e0 e qualit\u00e0 dell&#8217;occupazione al miglioramento dei salari&#8221;. &#8220;Governo e Confindustria &#8211; aggiunge &#8211; debbono riaprire i tavoli per rinnovare i contratti pubblici e privati, dai metalmeccanici alle telecomunicazioni, con aumenti reali. Ma risolvere la questione salariale significa anche affrontare le ragioni della povert\u00e0 del lavoro: dalla redistribuzione dei redditi tutta a favore dei profitti alla precariet\u00e0 senza precedenti, fino alla catena dei subappalti. Per questo, ripeto, i referendum sono fondamentali&#8221;. &#8220;Con il voto dell&#8217;8 e 9 giugno &#8211; dichiara &#8211; si possono cambiare le cose, creando le condizioni per un salario fondato sulla stabilit\u00e0 e la sicurezza del lavoro. L&#8217;11 e 12 aprile a Milano lanceremo la campagna referendaria. Il 12 saremo in piazza in 120 citt\u00e0 e a Bruxelles e Parigi perch\u00e8, lo ricordo, potranno votare anche i cittadini fuori sede in Italia e all&#8217;estero per motivi di studio, lavoro o cura&#8221;. In merito al quorum, &#8220;ci sono tutte le condizioni per raggiungerlo &#8211; dice il leader Cgil -. Certamente non \u00e8 facile in un Paese dove ormai met\u00e0 degli elettori non va a votare. Ma questo \u00e8 un voto che non delega ma consente di decidere direttamente. In caso di vittoria, il giorno dopo il voto, due milioni e mezzo di persone otterranno la cittadinanza italiana e i lavoratori delle aziende con pi\u00f9 di 15 dipendenti riavranno tutti l&#8217;articolo 18 contro i licenziamenti, e si estender\u00e0 alle imprese appaltatrici la responsabilit\u00e0 in caso di incidenti sui lavori appaltati&#8221;. &#8220;Diversi partiti hanno firmato per il referendum e quindi mi aspetto che facciano la loro parte durante la campagna referendaria, che formalmente si aprir\u00e0 tra qualche settimana. E mi aspetto che tutti i partiti, indipendentemente dalla loro posizione nel merito, invitino i cittadini a votare. Troverei inaccettabili inviti ad andare al mare, un vero attacco alla democrazia&#8221;, conclude Landini.<br \/>&#8211; foto Ipa agency &#8211;<br \/>(ITALPRESS).<\/div>\n<div id=\"div-gpt-ad-Messinaoggi.it-DSK-300x250-corpoart\" style=\"text-align:center;margin:0 auto;\"><\/div><\/p><div id=\"videoincontent\" style=\"clear:both\";><\/div>","protected":false},"excerpt":{"rendered":"<p>ROMA (ITALPRESS) &#8211; &#8220;C&#8217;\u00e8 s\u00ec il problema di una politica per la sicurezza dell&#8217;Europa, ma per noi deve essere fondata sui diritti, il lavoro e lo Stato sociale&#8221;. Cos\u00ec, in una intervista al Corriere della Sera, il segretario generale della Cgil, Maurizio Landini, sottolineando che il sindacato non sar\u00e0 in piazza con il Movimento 5 [&hellip;]<\/p>\n","protected":false},"author":18,"featured_media":233905,"comment_status":"closed","ping_status":"closed","sticky":false,"template":"","format":"standard","meta":{"ub_ctt_via":"","_mi_skip_tracking":false},"categories":[446],"tags":[783],"featured_image_src":"https:\/\/www.messinaoggi.it\/website\/wp-content\/uploads\/2025\/03\/20250331_0180.jpg","author_info":{"display_name":"Admin","author_link":"https:\/\/www.messinaoggi.it\/website\/author\/admin\/"},"digistream_id":0,"digistream":false,"_links":{"self":[{"href":"https:\/\/www.messinaoggi.it\/website\/wp-json\/wp\/v2\/posts\/233904"}],"collection":[{"href":"https:\/\/www.messinaoggi.it\/website\/wp-json\/wp\/v2\/posts"}],"about":[{"href":"https:\/\/www.messinaoggi.it\/website\/wp-json\/wp\/v2\/types\/post"}],"author":[{"embeddable":true,"href":"https:\/\/www.messinaoggi.it\/website\/wp-json\/wp\/v2\/users\/18"}],"replies":[{"embeddable":true,"href":"https:\/\/www.messinaoggi.it\/website\/wp-json\/wp\/v2\/comments?post=233904"}],"version-history":[{"count":0,"href":"https:\/\/www.messinaoggi.it\/website\/wp-json\/wp\/v2\/posts\/233904\/revisions"}],"wp:featuredmedia":[{"embeddable":true,"href":"https:\/\/www.messinaoggi.it\/website\/wp-json\/wp\/v2\/media\/233905"}],"wp:attachment":[{"href":"https:\/\/www.messinaoggi.it\/website\/wp-json\/wp\/v2\/media?parent=233904"}],"wp:term":[{"taxonomy":"category","embeddable":true,"href":"https:\/\/www.messinaoggi.it\/website\/wp-json\/wp\/v2\/categories?post=233904"},{"taxonomy":"post_tag","embeddable":true,"href":"https:\/\/www.messinaoggi.it\/website\/wp-json\/wp\/v2\/tags?post=233904"}],"curies":[{"name":"wp","href":"https:\/\/api.w.org\/{rel}","templated":true}]}}