{"id":233900,"date":"2025-03-31T13:05:45","date_gmt":"2025-03-31T11:05:45","guid":{"rendered":"https:\/\/www.messinaoggi.it\/website\/2025\/03\/31\/foti-sulla-difesa-il-centrodestra-non-si-e-mai-diviso\/"},"modified":"2025-03-31T13:05:45","modified_gmt":"2025-03-31T11:05:45","slug":"foti-sulla-difesa-il-centrodestra-non-si-e-mai-diviso","status":"publish","type":"post","link":"https:\/\/www.messinaoggi.it\/website\/2025\/03\/31\/foti-sulla-difesa-il-centrodestra-non-si-e-mai-diviso\/","title":{"rendered":"Foti \u201cSulla difesa il centrodestra non si \u00e8 mai diviso\u201d"},"content":{"rendered":"<div>ROMA (ITALPRESS) &#8211; &#8220;Esistono linguaggi e posizioni anche diverse in una coalizione, ma poi contano i fatti. E il centrodestra su questi non si \u00e8 mai diviso, a differenza dell&#8217;opposizione. Poi quello che ci sar\u00e0 da fare nel concreto \u00e8 ancora da definire, non \u00e8 che l&#8217;Europa dovr\u00e0 per forza spendere 650 miliardi per il piano di &#8216;riarm\u00f2, come era stato definito in modo infelice. Tant&#8217;\u00e8 che ogni Stato potr\u00e0 stabilire quanto investire sulla difesa&#8221;. E&#8217; quanto dichiara, in una intervista al Corriere della Sera, il ministro per gli Affari europei, le Politiche di coesione e il Pnrr, Tommaso Foti, sottolineando che &#8220;sulla politica di difesa vi \u00e8 piena identit\u00e0 di vedute nella maggioranza su quanto proposto da Meloni&#8221;. Ovvero, spiega, &#8220;non inviare alcun contingente militare italiano in Ucraina prima di un accordo di pace e solo se deciso con mandato Onu; estendere invece l&#8217;articolo 5 del Trattato Nato anche all&#8217;Ucraina, anche se non ne fa parte; lavorare per realizzare una politica di difesa che rinforzi le capacit\u00e0 operative degli Stati nazionali europei nell&#8217;ambito dell&#8217;alleanza Nato, in un quadro geopolitico in cui si registrano fortissime tensioni e conseguenti pericoli&#8221;.<br \/>All&#8217;intervistatore che gli fa osservare che la Lega continua a sostenere che non si devono spendere soldi in armi ma per i bisogni degli italiani, risponde: &#8220;Intanto, non si tratta di comprare carrarmati, si tratta di cybersicurezza, di innovazione. Poi, una quota dovremo necessariamente spenderla, perch\u00e8 l&#8217;obiettivo del 2% del Pil da destinare alla Nato lo abbiamo accettato tutti, a partire dal governo Conte che lo approv\u00f2. E va anche detto che se si vuole mantenere un rapporto con Trump, \u00e8 lui stesso che lo pretende. Diverso \u00e8 il resto&#8221;. Secondo Foti &#8220;rafforzare la difesa \u00e8 un obiettivo che si potr\u00e0 raggiungere anche tramite l&#8217;introduzione di piani di garanzia pubblica per il finanziamento degli investimenti sia nell&#8217;industria della difesa sia nei settori tecnologici, logistici e infrastrutturali, cos\u00ec come proposto dall&#8217;Italia in sede Ecofin dello scorso 11 marzo&#8221;. Poi, aggiunge: &#8220;Pu\u00f2 assolutamente accadere che su grandi temi ci siano convergenze da parte dell&#8217;opposizione, anche noi siamo stati 5 anni all&#8217;opposizione ma su Ucraina e scostamento di bilancio per il Covid votammo con il governo. Non perdiamo tempo a immaginare stranezze o sostituzioni o aggiunte, il governo va avanti e lo fa bene. Sarebbe bene che tutti evitassero di alzare la tensione, di cercare il male assoluto per farne una guerra politica, e stessero ai fatti. Non \u00e8 che gli Usa sono cattivi perch\u00e8 c&#8217;\u00e8 Trump o buoni quando c&#8217;era Biden. Restano un alleato fondamentale&#8221;. &#8220;Mantenere i nervi saldi &#8211; sottolinea Foti &#8211; non significa essere deboli, cos\u00ec come mettersi l&#8217;elmetto prima che la guerra sia dichiarata \u00e8 controproducente. E comunque una cosa \u00e8 certa: sono stati altri i governi che si sono messi a cuccia di fronte a richieste straniere, non lo \u00e8 il nostro&#8221;. &#8220;Trump &#8211; aggiunge &#8211; ha minacciato dazi anche alla Russia se dovesse ostacolare l&#8217;accordo per arrivare poi alla pace, e sull&#8217;Iran ha detto che potrebbe passare ai bombardamenti e dazi secondari se vanno avanti con lo sviluppo dell&#8217;arma nucleare&#8221;. &#8220;Pare evidente &#8211; fa osservare &#8211; che i dazi diventano un&#8217;arma di trattativa di Trump, e per questo prima di reagire l&#8217;Europa deve individuare quale sia la strategia migliore. Grandi economisti sostengono che i dazi commerciali sarebbero un&#8217;arma a doppio taglio, colpirebbero anche gli Usa. Vediamo esattamente in cosa consistono le misure che vuole prendere l&#8217;amministrazione americana e l&#8217;Europa risponda poi con equilibrio, razionalit\u00e0, mostrandosi aperta al confronto. Anche in Italia: non alimentiamo agitazione nell&#8217;opinione pubblica, perch\u00e8 i danni non sarebbero per il governo, o non solo, ma per il Paese. E all&#8217;Italia dobbiamo pensare&#8221;.<br \/>&#8211; foto Ipa agency &#8211;<br \/>(ITALPRESS).<\/div>\n<div id=\"div-gpt-ad-Messinaoggi.it-DSK-300x250-corpoart\" style=\"text-align:center;margin:0 auto;\"><\/div><\/p><div id=\"videoincontent\" style=\"clear:both\";><\/div>","protected":false},"excerpt":{"rendered":"<p>ROMA (ITALPRESS) &#8211; &#8220;Esistono linguaggi e posizioni anche diverse in una coalizione, ma poi contano i fatti. E il centrodestra su questi non si \u00e8 mai diviso, a differenza dell&#8217;opposizione. Poi quello che ci sar\u00e0 da fare nel concreto \u00e8 ancora da definire, non \u00e8 che l&#8217;Europa dovr\u00e0 per forza spendere 650 miliardi per il [&hellip;]<\/p>\n","protected":false},"author":18,"featured_media":233901,"comment_status":"closed","ping_status":"closed","sticky":false,"template":"","format":"standard","meta":{"ub_ctt_via":"","_mi_skip_tracking":false},"categories":[446],"tags":[783],"featured_image_src":"https:\/\/www.messinaoggi.it\/website\/wp-content\/uploads\/2025\/03\/20250331_0131.jpg","author_info":{"display_name":"Admin","author_link":"https:\/\/www.messinaoggi.it\/website\/author\/admin\/"},"digistream_id":0,"digistream":false,"_links":{"self":[{"href":"https:\/\/www.messinaoggi.it\/website\/wp-json\/wp\/v2\/posts\/233900"}],"collection":[{"href":"https:\/\/www.messinaoggi.it\/website\/wp-json\/wp\/v2\/posts"}],"about":[{"href":"https:\/\/www.messinaoggi.it\/website\/wp-json\/wp\/v2\/types\/post"}],"author":[{"embeddable":true,"href":"https:\/\/www.messinaoggi.it\/website\/wp-json\/wp\/v2\/users\/18"}],"replies":[{"embeddable":true,"href":"https:\/\/www.messinaoggi.it\/website\/wp-json\/wp\/v2\/comments?post=233900"}],"version-history":[{"count":0,"href":"https:\/\/www.messinaoggi.it\/website\/wp-json\/wp\/v2\/posts\/233900\/revisions"}],"wp:featuredmedia":[{"embeddable":true,"href":"https:\/\/www.messinaoggi.it\/website\/wp-json\/wp\/v2\/media\/233901"}],"wp:attachment":[{"href":"https:\/\/www.messinaoggi.it\/website\/wp-json\/wp\/v2\/media?parent=233900"}],"wp:term":[{"taxonomy":"category","embeddable":true,"href":"https:\/\/www.messinaoggi.it\/website\/wp-json\/wp\/v2\/categories?post=233900"},{"taxonomy":"post_tag","embeddable":true,"href":"https:\/\/www.messinaoggi.it\/website\/wp-json\/wp\/v2\/tags?post=233900"}],"curies":[{"name":"wp","href":"https:\/\/api.w.org\/{rel}","templated":true}]}}