{"id":23390,"date":"2018-08-18T10:18:07","date_gmt":"2018-08-18T08:18:07","guid":{"rendered":"http:\/\/www.messinaoggi.it\/website\/?p=23390"},"modified":"2018-08-18T10:18:07","modified_gmt":"2018-08-18T08:18:07","slug":"sclerosi-multipla-pistorio-scrive-a-salvini-il-vicepremier-grazie-per-avermi-fatto-conoscere-cio","status":"publish","type":"post","link":"https:\/\/www.messinaoggi.it\/website\/2018\/08\/18\/sclerosi-multipla-pistorio-scrive-a-salvini-il-vicepremier-grazie-per-avermi-fatto-conoscere-cio\/","title":{"rendered":"Sclerosi multipla, Pistorio scrive a Salvini. Il vicepremier: &quot;Grazie per avermi fatto conoscere ci\u00f2&quot;"},"content":{"rendered":"<p style=\"text-align: justify;\"><span style=\"font-family: Arial, sans-serif;\">Modifica delle percentuali di invalidit\u00e0, contratti di lavoro pi\u00f9 flessibili, pi\u00f9 fondi alla ricerca. Sono queste in sintesi le richieste avanzate dal Presidente regionale dell&#8217;associazione\u00a0CCSVI nella Sclerosi Multipla,\u00a0<\/span><span style=\"font-family: Arial, sans-serif;\"><strong>Gianfranco Pistorio<\/strong>, in una lettera consegnata di persona al vicepremier Matteo Salvini a margine del noto incontro svoltosi nel Messinese in questi giorni. Ricordiamo infatti che tra<\/span><span style=\"font-family: Arial, sans-serif;\"> le novit\u00e0 apportate dall&#8217;esecutivo pentaleghista vi \u00e8 stata la creazione di un dicastero<em> ad hoc<\/em> per la disabilit\u00e0 e la famiglia presieduto dal leghista Lorenzo Fontana. Riportiamo qui di seguito la missiva di Pistorio: <\/span><div id=\"div-gpt-ad-Messinaoggi.it-DSK-300x250-corpoart\" style=\"text-align:center;margin:0 auto;\"><\/div><\/p>\n<p style=\"text-align: justify;\"><span style=\"font-family: Arial, sans-serif;\">&#8220;<em>Carissimo Vice presidente del Consiglio dei Ministri Matteo Salvini,<\/em><br \/>\n<em>siamo lieti di comunicarle che in Sicilia la CCSVI Sclerosi Multipla ha riorganizzato la sua struttura regionale allo scopo di accendere ancor di pi\u00f9 i riflettori su tutte le problematiche patite da coloro che purtroppo soffrono di questa terribile patologia: la sclerosi mutipla.<\/em><\/span><div id=\"videoincontent\" style=\"clear:both\";><\/div><\/p>\n<p style=\"text-align: justify;\"><span style=\"font-family: Arial, sans-serif;\"><em>&#8220;Pur riscontrando ormai da tempo una presa di coscienza da parte di tutte le istituzioni e maggiore conoscenza sulla gravit\u00e0 della patologia, ancora dobbiamo constatare talune discrasie che pongono seri limiti al vissuto dei nostri associati. Infatti, tale patologia incide in modo irregolare sulla vita di ogni soggetto: ad esempio quotidianamente si registrano alternativamente momenti di miglior deambulazione e momenti in cui si \u00e8 impossibilitati a vivere in modo normale la propria esistenza.<\/em><\/span><\/p>\n<p style=\"text-align: justify;\"><span style=\"font-family: Arial, sans-serif;\">&#8220;<em>A fronte di quanto detto, le chiediamo di poter intervenire facendosi promotore di una <strong>modifica delle percentuali di invalidit\u00e0<\/strong> previste per i malati di sclerosi multipla.\u00a0E\u2019 altres\u00ec importante far prevedere con legge dello Stato nei <strong>contratti collettivi di lavoro favorevoli<\/strong> trattamenti di flessibilit\u00e0 per consentire le cure e per dare la possibilit\u00e0 di vivere sul posto di lavoro in modo dignitoso e senza discriminazioni che a tutt\u2019oggi sono presenti in tutte le realt\u00e0 lavorative. Inoltre, essendo noi una categoria di malati che purtroppo ad oggi non vive di speranze di guarigione ma solo di poter vivere meglio la propria vita, le chiediamo di voler intervenire affinch\u00e9 vengano destinati <strong>pi\u00f9 fondi possibili alla ricerca<\/strong>. Ad oggi l\u2019unica terapia possibile \u00e8 l\u2019interferone che non risolve ma rallenta l\u2019evolversi della malattia con effetti collaterali pesantissimi e disastrosi anche dal punto di vista psicologico. <\/em><\/span><\/p>\n<p style=\"text-align: justify;\"><span style=\"font-family: Arial, sans-serif;\">&#8220;<em>Noi chiediamo solamente di poter essere soggetti attivi nella societ\u00e0. Ci affidiamo a lei ed alla sua sensibilit\u00e0, ad maiora Ministro<\/em>&#8220;.<\/span><\/p>\n<p style=\"text-align: justify;\"><span style=\"font-family: Arial, sans-serif;\"><strong>La replica di Salvini.<\/strong> &#8220;<em>Voglio risponderti non come Ministro ma come un uomo che ascolta un altro uomo. Grazie veramente per avermi messo a conoscenza di questo<\/em>&#8220;. Queste le parole del vicepremier e segretario della Lega dopo aver letto la lettera.<\/span><\/p>\n","protected":false},"excerpt":{"rendered":"<p>Modifica delle percentuali di invalidit\u00e0, contratti di lavoro pi\u00f9 flessibili, pi\u00f9 fondi alla ricerca. Sono queste in sintesi le richieste avanzate dal Presidente regionale dell&#8217;associazione\u00a0CCSVI nella Sclerosi Multipla,\u00a0Gianfranco Pistorio, in una lettera consegnata di persona al vicepremier Matteo Salvini a margine del noto incontro svoltosi nel Messinese in questi giorni. Ricordiamo infatti che tra le [&hellip;]<\/p>\n","protected":false},"author":8,"featured_media":23393,"comment_status":"closed","ping_status":"open","sticky":false,"template":"","format":"standard","meta":{"ub_ctt_via":"","_mi_skip_tracking":false},"categories":[5],"tags":[],"featured_image_src":"https:\/\/www.messinaoggi.it\/website\/wp-content\/uploads\/2018\/08\/salvini-gianfranco-pistorio-1.jpg","author_info":{"display_name":"red..me","author_link":"https:\/\/www.messinaoggi.it\/website\/author\/redstage\/"},"digistream_id":0,"digistream":false,"_links":{"self":[{"href":"https:\/\/www.messinaoggi.it\/website\/wp-json\/wp\/v2\/posts\/23390"}],"collection":[{"href":"https:\/\/www.messinaoggi.it\/website\/wp-json\/wp\/v2\/posts"}],"about":[{"href":"https:\/\/www.messinaoggi.it\/website\/wp-json\/wp\/v2\/types\/post"}],"author":[{"embeddable":true,"href":"https:\/\/www.messinaoggi.it\/website\/wp-json\/wp\/v2\/users\/8"}],"replies":[{"embeddable":true,"href":"https:\/\/www.messinaoggi.it\/website\/wp-json\/wp\/v2\/comments?post=23390"}],"version-history":[{"count":0,"href":"https:\/\/www.messinaoggi.it\/website\/wp-json\/wp\/v2\/posts\/23390\/revisions"}],"wp:featuredmedia":[{"embeddable":true,"href":"https:\/\/www.messinaoggi.it\/website\/wp-json\/wp\/v2\/media\/23393"}],"wp:attachment":[{"href":"https:\/\/www.messinaoggi.it\/website\/wp-json\/wp\/v2\/media?parent=23390"}],"wp:term":[{"taxonomy":"category","embeddable":true,"href":"https:\/\/www.messinaoggi.it\/website\/wp-json\/wp\/v2\/categories?post=23390"},{"taxonomy":"post_tag","embeddable":true,"href":"https:\/\/www.messinaoggi.it\/website\/wp-json\/wp\/v2\/tags?post=23390"}],"curies":[{"name":"wp","href":"https:\/\/api.w.org\/{rel}","templated":true}]}}