{"id":233892,"date":"2025-03-31T13:05:39","date_gmt":"2025-03-31T11:05:39","guid":{"rendered":"https:\/\/www.messinaoggi.it\/website\/2025\/03\/31\/conte-contro-di-noi-ce-il-partito-delle-armi\/"},"modified":"2025-03-31T13:05:39","modified_gmt":"2025-03-31T11:05:39","slug":"conte-contro-di-noi-ce-il-partito-delle-armi","status":"publish","type":"post","link":"https:\/\/www.messinaoggi.it\/website\/2025\/03\/31\/conte-contro-di-noi-ce-il-partito-delle-armi\/","title":{"rendered":"Conte \u201cContro di noi c\u2019\u00e8 il partito delle armi\u201d"},"content":{"rendered":"<div>ROMA (ITALPRESS) &#8211; &#8220;Calenda ha detto una cosa gravissima, profondamente antidemocratica, perch\u00e8 non si invoca la cancellazione di un Movimento e di milioni di cittadini che lo votano. E mi dispiace che sui giornali non ho letto parole di condanna: i liberali sono tutti spariti?&#8221;. Cos\u00ec, in una intervista alla Stampa, il leader del Movimento 5 stelle, Giuseppe Conte, commentando le dichiarazioni di Carlo Calenda durante il congresso di Azione. <br \/>&#8220;Non \u00e8 normale che un partito di opposizione, per la sua sopravvivenza, celebri un congresso per incoronare Giorgia Meloni &#8211; aggiunge -. La verit\u00e0 \u00e8 che in prima fila era schierato il partito trasversale delle armi, che vuole un&#8217;Europa con l&#8217;elmetto e affida la crescita a un&#8217;economia di guerra. Ci insultano e ci deridono, ma risponderemo con una possente onda di partecipazione&#8221;. <br \/>&#8220;Davvero &#8211; si chiede Conte &#8211; qualcuno pensa seriamente di garantire pi\u00f9 sicurezza ai nostri cittadini buttando via 800 miliardi per riarmare la Germania e pochi altri Paesi? Davvero il futuro \u00e8 una transizione militare al termine della quale, per offrire lavoro ai nostri figli, li costringeremo ad arruolarsi nelle forze armate&#8221;. &#8220;Non c&#8217;\u00e8 dubbio &#8211; sottolinea il leader del M5s &#8211; che questi tre anni di guerra abbiano rafforzato enormemente il potere negoziale di Putin. Avendo avuto la meglio sul campo di battaglia, vorrebbe dettare le condizioni&#8221;. Il negoziato &#8220;sar\u00e0 faticosissimo ma Trump non pu\u00f2 permettersi di non tutelare al meglio gli interessi dell&#8217;Ucraina. Ho solo il forte rimpianto per l&#8217;Europa che non siede al tavolo, ma addirittura sembra quasi volere boicottare questo negoziato per non ammettere di avere sbagliato tutto&#8221;. <br \/>Per Conte &#8220;non contano le chiacchiere nei talk show ma come voti in Parlamento. E Salvini \u00e8 rigorosamente allineato alla maggioranza nella prospettiva guerrafondaia. Noi abbiamo presentato una mozione contro il piano di riarmo: la voti e vedremo se alle chiacchiere per una volta seguiranno i fatti&#8221;. Per quanto riguarda il Pd, dichiara: &#8220;Schlein, con fatica, sta provando a invertire la rotta rispetto alle componenti del suo partito che spingono per il riarmo. Mi auguro che ce la faccia perch\u00e8 altrimenti rovineremo tutto il lavoro fatto in Europa&#8221;. Ed in merito alla manifestazione di sabato contro il riarmo promossa dal Movimento, dice: &#8220;La nostra piazza \u00e8 aperta a tutte le forze politiche, sociali, associazioni, cittadini che vogliono la pace e vogliono protestare contro un governo che scarica sul sociale la corsa al riarmo, in un Paese dove la produzione industriale \u00e8 ferma, i salari i pi\u00f9 bassi d&#8217;Europa, la sanit\u00e0 al collasso&#8221;.<br \/>&#8211; foto Ipa agency &#8211;<br \/>(ITALPRESS).<\/div>\n<div id=\"div-gpt-ad-Messinaoggi.it-DSK-300x250-corpoart\" style=\"text-align:center;margin:0 auto;\"><\/div><\/p><div id=\"videoincontent\" style=\"clear:both\";><\/div>","protected":false},"excerpt":{"rendered":"<p>ROMA (ITALPRESS) &#8211; &#8220;Calenda ha detto una cosa gravissima, profondamente antidemocratica, perch\u00e8 non si invoca la cancellazione di un Movimento e di milioni di cittadini che lo votano. E mi dispiace che sui giornali non ho letto parole di condanna: i liberali sono tutti spariti?&#8221;. Cos\u00ec, in una intervista alla Stampa, il leader del Movimento [&hellip;]<\/p>\n","protected":false},"author":18,"featured_media":233893,"comment_status":"closed","ping_status":"closed","sticky":false,"template":"","format":"standard","meta":{"ub_ctt_via":"","_mi_skip_tracking":false},"categories":[446],"tags":[783],"featured_image_src":"https:\/\/www.messinaoggi.it\/website\/wp-content\/uploads\/2025\/03\/20250331_0077.jpg","author_info":{"display_name":"Admin","author_link":"https:\/\/www.messinaoggi.it\/website\/author\/admin\/"},"digistream_id":0,"digistream":false,"_links":{"self":[{"href":"https:\/\/www.messinaoggi.it\/website\/wp-json\/wp\/v2\/posts\/233892"}],"collection":[{"href":"https:\/\/www.messinaoggi.it\/website\/wp-json\/wp\/v2\/posts"}],"about":[{"href":"https:\/\/www.messinaoggi.it\/website\/wp-json\/wp\/v2\/types\/post"}],"author":[{"embeddable":true,"href":"https:\/\/www.messinaoggi.it\/website\/wp-json\/wp\/v2\/users\/18"}],"replies":[{"embeddable":true,"href":"https:\/\/www.messinaoggi.it\/website\/wp-json\/wp\/v2\/comments?post=233892"}],"version-history":[{"count":0,"href":"https:\/\/www.messinaoggi.it\/website\/wp-json\/wp\/v2\/posts\/233892\/revisions"}],"wp:featuredmedia":[{"embeddable":true,"href":"https:\/\/www.messinaoggi.it\/website\/wp-json\/wp\/v2\/media\/233893"}],"wp:attachment":[{"href":"https:\/\/www.messinaoggi.it\/website\/wp-json\/wp\/v2\/media?parent=233892"}],"wp:term":[{"taxonomy":"category","embeddable":true,"href":"https:\/\/www.messinaoggi.it\/website\/wp-json\/wp\/v2\/categories?post=233892"},{"taxonomy":"post_tag","embeddable":true,"href":"https:\/\/www.messinaoggi.it\/website\/wp-json\/wp\/v2\/tags?post=233892"}],"curies":[{"name":"wp","href":"https:\/\/api.w.org\/{rel}","templated":true}]}}