{"id":233850,"date":"2025-03-30T20:05:39","date_gmt":"2025-03-30T18:05:39","guid":{"rendered":"https:\/\/www.messinaoggi.it\/website\/2025\/03\/30\/terzo-trionfo-per-pedersen-alla-gand-wevelgem-milan-sul-podio\/"},"modified":"2025-03-30T20:05:39","modified_gmt":"2025-03-30T18:05:39","slug":"terzo-trionfo-per-pedersen-alla-gand-wevelgem-milan-sul-podio","status":"publish","type":"post","link":"https:\/\/www.messinaoggi.it\/website\/2025\/03\/30\/terzo-trionfo-per-pedersen-alla-gand-wevelgem-milan-sul-podio\/","title":{"rendered":"Terzo trionfo per Pedersen alla Gand-Wevelgem, Milan sul podio"},"content":{"rendered":"<div>WEVELGEM (BELGIO) (ITALPRESS) &#8211; Mads Pedersen non conosce la fatica. Anzi, ne sembra quasi attratto. E cos\u00ec, in una delle poche classiche considerate territorio di caccia quasi esclusivo per i velocisti, il 29enne danese della Lidl-Trek ne inventa una delle sue, rimanendo in fuga solitaria per una sessantina di chilometri. E&#8217; lui, dunque, a prendersi di forza e per distacco l&#8217;87esima edizione della Gand-Wevelgem, classica del pav\u00e8 del calendario belga di 250 chilometri complessivi con partenza da Ypres e arrivo a Wevelgem con tre passaggi sul Kemmelberg, la &#8216;cot\u00e8 pi\u00f9 complessa da digerire. Per l&#8217;oro iridato su strada a Yorhshire 2019 si tratta della terza affermazione nella corsa World Tour dopo quella del 2020 e dello scorso anno, la quarta in questo 2025 che lo ha visto conquistare una tappa e la classifica generale del Tour de la Provence e una frazione alla Parigi-Nizza, e la 50esima della sua carriera. &#8220;Non mi aspettavo di essere capace di fare qualcosa del genere &#8211; ha spiegato felice Pedersen, che ha regalato alla Lidl-Trek il successo numero 12 nel 2025 &#8211; Vincere qui \u00e8 qualcosa di speciale. Andare in fuga cos\u00ec da lontano \u00e8 un punto di non ritorno: sapevo che nel finale sarebbe stata dura ma negli ultimi metri mi sono goduto il momento&#8221;. La volata dei battuti ha visto il belga e campione d&#8217;Europa Tim Merlier (Soudal Quick-Step), secondo, superare l&#8217;azzurro e compagno di squadra di Pedersen, Jonathan Milan, terzo. Sesta piazza per Davide Ballerini (XDS Astana Team). L&#8217;Italbici, che alla &#8216;Wevelgem&#8217; vanta sette successi, resta ancora a secco: l&#8217;ultimo azzurro ad imporsi fu Luca Paolini nel 2015. Domenica 6 aprile \u00e8 in calendario la seconda classica Monumento del 2025, il Giro delle Fiandre, dove torneranno in gara l&#8217;olandese Mathieu Van der Poel (Alpecin-Deceuninck), trionfatore alla Milano-Sanremo e alla E3 Saxo Bank Classic, e il fuoriclasse sloveno Tadej Pogacar (UAE Team Emirates XRG), spericolato come non mai all&#8217;ultima Strade Bianche. Pedersen per\u00f2 \u00e8 gi\u00e0 pronto per un&#8217;altra battaglia con gli &#8216;de\u00ec delle due ruote: &#8220;Con loro in corsa sar\u00e0 una gara di un altro livello&#8221;. Lo spettacolo \u00e8 assicurato.<br \/>&#8211; Foto Ipa Agency &#8211;<br \/>(ITALPRESS).<\/div>\n<div id=\"div-gpt-ad-Messinaoggi.it-DSK-300x250-corpoart\" style=\"text-align:center;margin:0 auto;\"><\/div><\/p><div id=\"videoincontent\" style=\"clear:both\";><\/div>","protected":false},"excerpt":{"rendered":"<p>WEVELGEM (BELGIO) (ITALPRESS) &#8211; Mads Pedersen non conosce la fatica. Anzi, ne sembra quasi attratto. E cos\u00ec, in una delle poche classiche considerate territorio di caccia quasi esclusivo per i velocisti, il 29enne danese della Lidl-Trek ne inventa una delle sue, rimanendo in fuga solitaria per una sessantina di chilometri. E&#8217; lui, dunque, a prendersi [&hellip;]<\/p>\n","protected":false},"author":18,"featured_media":233851,"comment_status":"closed","ping_status":"closed","sticky":false,"template":"","format":"standard","meta":{"ub_ctt_via":"","_mi_skip_tracking":false},"categories":[446],"tags":[783],"featured_image_src":"https:\/\/www.messinaoggi.it\/website\/wp-content\/uploads\/2025\/03\/20250330_1430.jpg","author_info":{"display_name":"Admin","author_link":"https:\/\/www.messinaoggi.it\/website\/author\/admin\/"},"digistream_id":0,"digistream":false,"_links":{"self":[{"href":"https:\/\/www.messinaoggi.it\/website\/wp-json\/wp\/v2\/posts\/233850"}],"collection":[{"href":"https:\/\/www.messinaoggi.it\/website\/wp-json\/wp\/v2\/posts"}],"about":[{"href":"https:\/\/www.messinaoggi.it\/website\/wp-json\/wp\/v2\/types\/post"}],"author":[{"embeddable":true,"href":"https:\/\/www.messinaoggi.it\/website\/wp-json\/wp\/v2\/users\/18"}],"replies":[{"embeddable":true,"href":"https:\/\/www.messinaoggi.it\/website\/wp-json\/wp\/v2\/comments?post=233850"}],"version-history":[{"count":0,"href":"https:\/\/www.messinaoggi.it\/website\/wp-json\/wp\/v2\/posts\/233850\/revisions"}],"wp:featuredmedia":[{"embeddable":true,"href":"https:\/\/www.messinaoggi.it\/website\/wp-json\/wp\/v2\/media\/233851"}],"wp:attachment":[{"href":"https:\/\/www.messinaoggi.it\/website\/wp-json\/wp\/v2\/media?parent=233850"}],"wp:term":[{"taxonomy":"category","embeddable":true,"href":"https:\/\/www.messinaoggi.it\/website\/wp-json\/wp\/v2\/categories?post=233850"},{"taxonomy":"post_tag","embeddable":true,"href":"https:\/\/www.messinaoggi.it\/website\/wp-json\/wp\/v2\/tags?post=233850"}],"curies":[{"name":"wp","href":"https:\/\/api.w.org\/{rel}","templated":true}]}}