{"id":233842,"date":"2025-03-30T16:05:42","date_gmt":"2025-03-30T14:05:42","guid":{"rendered":"https:\/\/www.messinaoggi.it\/website\/2025\/03\/30\/papa-francesco-quaresima-e-tempo-di-guarigione\/"},"modified":"2025-03-30T16:05:42","modified_gmt":"2025-03-30T14:05:42","slug":"papa-francesco-quaresima-e-tempo-di-guarigione","status":"publish","type":"post","link":"https:\/\/www.messinaoggi.it\/website\/2025\/03\/30\/papa-francesco-quaresima-e-tempo-di-guarigione\/","title":{"rendered":"Papa Francesco \u201cQuaresima \u00e8 tempo di guarigione\u201d"},"content":{"rendered":"<div>ROMA (ITALPRESS) &#8211;<em> &#8220;Carissimi, viviamo questa Quaresima, tanto pi\u00f9 nel Giubileo, come tempo di guarigione. Anch&#8217;io la sto sperimentando cos\u00ec, nell&#8217;animo e nel corpo. Perci\u00f2 ringrazio di cuore tutti coloro che, a immagine del Salvatore, sono per il prossimo strumenti di guarigione con la loro parola e con la loro scienza, con l&#8217;affetto e con la preghiera. La fragilit\u00e0 e la malattia sono esperienze che ci accomunano tutti; a maggior ragione, per\u00f2, siamo fratelli nella salvezza che Cristo ci ha donato&#8221;.<\/em> E&#8217; quanto si legge nel testo preparato da<strong> Papa Francesco<\/strong> per l&#8217;Angelus di questa quarta <strong>Domenica<\/strong> di <strong>Quaresima.<\/strong><div id=\"div-gpt-ad-Messinaoggi.it-DSK-300x250-corpoart\" style=\"text-align:center;margin:0 auto;\"><\/div><\/p>\n<p><em>&#8220;Confidando nella misericordia di Dio Padre, continuiamo a pregare per la pace: nella martoriata Ucraina, in Palestina, Israele, Libano, Repubblica Democratica del Congo e Myanmar, che soffre tanto anche per il terremoto&#8221;,<\/em> aggiunge il Santo Padre, sottolineando: <em>&#8220;Seguo con preoccupazione la situazione in Sud Sudan. Rinnovo il mio appello accorato a tutti i Leader, perch\u00e8 pongano il massimo impegno per abbassare la tensione nel Paese. Occorre mettere da parte le divergenze e, con coraggio e responsabilit\u00e0, sedersi attorno a un tavolo e avviare un dialogo costruttivo. Solo cos\u00ec sar\u00e0 possibile alleviare le sofferenze dell&#8217;amata popolazione sud-sudanese e costruire un futuro di pace e stabilit\u00e0. E in Sudan la guerra continua a mietere vittime innocenti. Esorto le parti in conflitto a mettere al primo posto la salvaguardia della vita dei loro fratelli civili; e auspico che siano avviati al pi\u00f9 presto nuovi negoziati, capaci di assicurare una soluzione duratura alla crisi. La Comunit\u00e0 internazionale aumenti gli sforzi per far fronte alla spaventosa catastrofe umanitaria&#8221;.<\/em><div id=\"videoincontent\" style=\"clear:both\";><\/div><\/p>\n<p><em>&#8220;Grazie a Dio<\/em> &#8211; prosegue &#8211;<em> ci sono anche fatti positivi: cito ad esempio la ratifica dell&#8217;Accordo sulla delimitazione del confine tra il Tajikistan e il Kyrgyzstan, che rappresenta un ottimo risultato diplomatico. Incoraggio entrambi i Paesi a proseguire su questa strada&#8221;.<\/em> <em>&#8220;Maria, Madre di misericordia, aiuti la famiglia umana a riconciliarsi nella pace&#8221;,<\/em> conclude il Pontefice.<\/p>\n<p>&#8211; foto Ipa agency &#8211;<\/p>\n<p>(ITALPRESS).<\/p><\/div>\n","protected":false},"excerpt":{"rendered":"<p>ROMA (ITALPRESS) &#8211; &#8220;Carissimi, viviamo questa Quaresima, tanto pi\u00f9 nel Giubileo, come tempo di guarigione. Anch&#8217;io la sto sperimentando cos\u00ec, nell&#8217;animo e nel corpo. Perci\u00f2 ringrazio di cuore tutti coloro che, a immagine del Salvatore, sono per il prossimo strumenti di guarigione con la loro parola e con la loro scienza, con l&#8217;affetto e con [&hellip;]<\/p>\n","protected":false},"author":18,"featured_media":233843,"comment_status":"closed","ping_status":"closed","sticky":false,"template":"","format":"standard","meta":{"ub_ctt_via":"","_mi_skip_tracking":false},"categories":[446],"tags":[783],"featured_image_src":"https:\/\/www.messinaoggi.it\/website\/wp-content\/uploads\/2025\/03\/20250330_0265.jpg","author_info":{"display_name":"Admin","author_link":"https:\/\/www.messinaoggi.it\/website\/author\/admin\/"},"digistream_id":0,"digistream":false,"_links":{"self":[{"href":"https:\/\/www.messinaoggi.it\/website\/wp-json\/wp\/v2\/posts\/233842"}],"collection":[{"href":"https:\/\/www.messinaoggi.it\/website\/wp-json\/wp\/v2\/posts"}],"about":[{"href":"https:\/\/www.messinaoggi.it\/website\/wp-json\/wp\/v2\/types\/post"}],"author":[{"embeddable":true,"href":"https:\/\/www.messinaoggi.it\/website\/wp-json\/wp\/v2\/users\/18"}],"replies":[{"embeddable":true,"href":"https:\/\/www.messinaoggi.it\/website\/wp-json\/wp\/v2\/comments?post=233842"}],"version-history":[{"count":0,"href":"https:\/\/www.messinaoggi.it\/website\/wp-json\/wp\/v2\/posts\/233842\/revisions"}],"wp:featuredmedia":[{"embeddable":true,"href":"https:\/\/www.messinaoggi.it\/website\/wp-json\/wp\/v2\/media\/233843"}],"wp:attachment":[{"href":"https:\/\/www.messinaoggi.it\/website\/wp-json\/wp\/v2\/media?parent=233842"}],"wp:term":[{"taxonomy":"category","embeddable":true,"href":"https:\/\/www.messinaoggi.it\/website\/wp-json\/wp\/v2\/categories?post=233842"},{"taxonomy":"post_tag","embeddable":true,"href":"https:\/\/www.messinaoggi.it\/website\/wp-json\/wp\/v2\/tags?post=233842"}],"curies":[{"name":"wp","href":"https:\/\/api.w.org\/{rel}","templated":true}]}}