{"id":233836,"date":"2025-03-30T14:05:43","date_gmt":"2025-03-30T12:05:43","guid":{"rendered":"https:\/\/www.messinaoggi.it\/website\/2025\/03\/30\/ursula-von-der-leyen-il-ppe-e-il-partito-della-pace-e-della-stabilita\/"},"modified":"2025-03-30T14:05:43","modified_gmt":"2025-03-30T12:05:43","slug":"ursula-von-der-leyen-il-ppe-e-il-partito-della-pace-e-della-stabilita","status":"publish","type":"post","link":"https:\/\/www.messinaoggi.it\/website\/2025\/03\/30\/ursula-von-der-leyen-il-ppe-e-il-partito-della-pace-e-della-stabilita\/","title":{"rendered":"Ursula von der Leyen \u201cIl Ppe \u00e8 il partito della pace e della stabilit\u00e0\u201d"},"content":{"rendered":"<div>FIRENZE (ITALPRESS) &#8211; &#8220;Il Ppe \u00e8 sempre stato il partito della competitivit\u00e0, il partito della pace, della stabilit\u00e0 e della forza. Insieme possiamo creare un&#8217;Europa forte, pi\u00f9 sicura e competitiva&#8221;. Lo ha dichiarato la presidente della Commissione Ue, Ursula von der Leyen, in un video messaggio indirizzato al segretario nazionale di Forza Italia, Antonio Tajani, in occasione di un convegno in svolgimento a Firenze. <br \/>&#8220;Stiamo mantenendo le promesse fatte alle nostre imprese che hanno bisogno di pi\u00f9 fiducia, stiamo dando investimenti senza precedenti alle nostre industrie strategiche&#8221; e &#8220;fino a 800 miliardi per la difesa&#8221; e tutto questo &#8220;in un momento in cui la competizione globale cresce&#8221;, ha sottolineato von der Leyen.<br \/>&#8211; foto Ipa agency &#8211;<br \/>(ITALPRESS).<\/div>\n<div id=\"div-gpt-ad-Messinaoggi.it-DSK-300x250-corpoart\" style=\"text-align:center;margin:0 auto;\"><\/div><\/p><div id=\"videoincontent\" style=\"clear:both\";><\/div>","protected":false},"excerpt":{"rendered":"<p>FIRENZE (ITALPRESS) &#8211; &#8220;Il Ppe \u00e8 sempre stato il partito della competitivit\u00e0, il partito della pace, della stabilit\u00e0 e della forza. Insieme possiamo creare un&#8217;Europa forte, pi\u00f9 sicura e competitiva&#8221;. Lo ha dichiarato la presidente della Commissione Ue, Ursula von der Leyen, in un video messaggio indirizzato al segretario nazionale di Forza Italia, Antonio Tajani, [&hellip;]<\/p>\n","protected":false},"author":18,"featured_media":233837,"comment_status":"closed","ping_status":"closed","sticky":false,"template":"","format":"standard","meta":{"ub_ctt_via":"","_mi_skip_tracking":false},"categories":[446],"tags":[783],"featured_image_src":"https:\/\/www.messinaoggi.it\/website\/wp-content\/uploads\/2025\/03\/20250330_0155.jpg","author_info":{"display_name":"Admin","author_link":"https:\/\/www.messinaoggi.it\/website\/author\/admin\/"},"digistream_id":0,"digistream":false,"_links":{"self":[{"href":"https:\/\/www.messinaoggi.it\/website\/wp-json\/wp\/v2\/posts\/233836"}],"collection":[{"href":"https:\/\/www.messinaoggi.it\/website\/wp-json\/wp\/v2\/posts"}],"about":[{"href":"https:\/\/www.messinaoggi.it\/website\/wp-json\/wp\/v2\/types\/post"}],"author":[{"embeddable":true,"href":"https:\/\/www.messinaoggi.it\/website\/wp-json\/wp\/v2\/users\/18"}],"replies":[{"embeddable":true,"href":"https:\/\/www.messinaoggi.it\/website\/wp-json\/wp\/v2\/comments?post=233836"}],"version-history":[{"count":0,"href":"https:\/\/www.messinaoggi.it\/website\/wp-json\/wp\/v2\/posts\/233836\/revisions"}],"wp:featuredmedia":[{"embeddable":true,"href":"https:\/\/www.messinaoggi.it\/website\/wp-json\/wp\/v2\/media\/233837"}],"wp:attachment":[{"href":"https:\/\/www.messinaoggi.it\/website\/wp-json\/wp\/v2\/media?parent=233836"}],"wp:term":[{"taxonomy":"category","embeddable":true,"href":"https:\/\/www.messinaoggi.it\/website\/wp-json\/wp\/v2\/categories?post=233836"},{"taxonomy":"post_tag","embeddable":true,"href":"https:\/\/www.messinaoggi.it\/website\/wp-json\/wp\/v2\/tags?post=233836"}],"curies":[{"name":"wp","href":"https:\/\/api.w.org\/{rel}","templated":true}]}}