{"id":233784,"date":"2025-03-29T17:05:43","date_gmt":"2025-03-29T16:05:43","guid":{"rendered":"https:\/\/www.messinaoggi.it\/website\/2025\/03\/29\/conte-non-si-nasconde-scudetto-giusto-crederci\/"},"modified":"2025-03-29T17:05:43","modified_gmt":"2025-03-29T16:05:43","slug":"conte-non-si-nasconde-scudetto-giusto-crederci","status":"publish","type":"post","link":"https:\/\/www.messinaoggi.it\/website\/2025\/03\/29\/conte-non-si-nasconde-scudetto-giusto-crederci\/","title":{"rendered":"Conte non si nasconde \u201cScudetto? Giusto crederci\u201d"},"content":{"rendered":"<div>CASTEL VOLTURNO (ITALPRESS) &#8211; <em>&#8220;Saremmo degli stupidi se a tre punti dalla prima della classe non facessimo un pensiero allo scudetto. E&#8217; giusto crederci e mettere tutto quello che abbiamo a disposizione. Noi dobbiamo uscire dal campo sempre con la maglia sudata. Alla fine vince una sola. Ma come facciamo noi oggi a non crederci? Sappiamo che sar\u00e0 duro anche il piazzamento Champions ma dobbiamo guardare avanti e avanti \u00e8 il primo posto&#8221;.<\/em> Antonio <strong>Conte<\/strong> non si nasconde. Domani al &#8220;Maradona&#8221; arriva il <strong>Milan,<\/strong> una gara assolutamente da vincere per un <strong>Napoli<\/strong> che, a -3 dall&#8217;Inter capolista, vuole coltivare ancora il sogno tricolore. <em>&#8220;Dobbiamo essere orgogliosi perch\u00e8 stiamo lottando per un obiettivo primario&#8221;,<\/em> insiste il tecnico, convinto che la spinta del pubblico si far\u00e0 sentire.<div id=\"div-gpt-ad-Messinaoggi.it-DSK-300x250-corpoart\" style=\"text-align:center;margin:0 auto;\"><\/div><\/p>\n<p><em>&#8220;C&#8217;\u00e8 poco da chiedere al tifoso napoletano: ci aspettiamo il solito calore. Noi abbiamo abituato la gente al fatto che diamo tutto e i ragazzi hanno bisogno del clima e del tifo dei nostri tifosi&#8221;.<\/em> La sosta ha restituito David Neres. <em>&#8220;Era assente da pi\u00f9 di un mese e mezzo. Abbiamo lavorato con lui facendo anche una partita amichevole. Ha fatto dei movimenti importanti. Ora si devono fare delle scelte e cercare di mandare in campo i migliori, a livello di forma e di garanzia dall&#8217;inizio. David \u00e8 completamente recuperato ma non so se inizier\u00e0 dal primo minuto. Una parte della partita comunque la far\u00e0&#8221;<\/em>.<div id=\"videoincontent\" style=\"clear:both\";><\/div><\/p>\n<p>In dubbio Anguissa (<em>&#8220;Ha avuto un affaticamento all&#8217;adduttore. E&#8217; rientrato, ha fatto i due allenamenti con noi, monitoriamo bene la situazione. In questa parte finale non possiamo sbagliare&#8221;<\/em>), mentre Spinazzola &#8220;<em>gioved\u00ec ha ricevuto un colpo al quadricipite e non si \u00e8 pi\u00f9 allenato con noi<\/em> &#8211; prosegue nel suo bollettino Conte &#8211; <em>Okafor ha avuto un problema agli adduttori. E&#8217; stato fuori due giorni e oggi ha fatto la rifinitura. Bisogna metterlo a posto per sopportare determinati carichi. Si sta facendo un p\u00f2 fatica. Noi andiamo avanti per cercare di fare il nostro meglio con i giocatori che abbiamo a disposizione&#8221;.<\/em><\/p>\n<p>A livello tattico<em> &#8220;faremo quello che sappiamo fare. Ho la fortuna di avere dei calciatori che hanno delle ottime conoscenze calcistiche. Non possiamo stare ad aspettare chi sta indietro. Al di l\u00e0 dei sistemi di gioco. Idee per l&#8217;attacco? Ci sono e sono molto chiare. Me le d\u00e0 il campo. C&#8217;\u00e8 disappunto per Anguissa e di aver perso Spinazzola. Ma Neres ha recuperato. Cercheremo di prendere sempre le migliori decisioni per ottenere il massimo. Affrontiamo un Milan forte, che era stato costruito per vincere lo scudetto. Poi ci sono delle annate particolari ma a gennaio hanno rifatto il mercato e affrontiamo una signora squadra con un ottimo allenatore in panchina. Domani ancora di pi\u00f9 avremo bisogno del supporto del Maradona. Ci sar\u00e0 da soffrire, ve lo dico in anticipo&#8221;<\/em>, ha dichiarato ancora Conte.<\/p>\n<p>&#8211; foto Ipa Agency &#8211;<\/p>\n<p>(ITALPRESS).<\/p><\/div>\n","protected":false},"excerpt":{"rendered":"<p>CASTEL VOLTURNO (ITALPRESS) &#8211; &#8220;Saremmo degli stupidi se a tre punti dalla prima della classe non facessimo un pensiero allo scudetto. E&#8217; giusto crederci e mettere tutto quello che abbiamo a disposizione. Noi dobbiamo uscire dal campo sempre con la maglia sudata. Alla fine vince una sola. Ma come facciamo noi oggi a non crederci? [&hellip;]<\/p>\n","protected":false},"author":18,"featured_media":233785,"comment_status":"closed","ping_status":"closed","sticky":false,"template":"","format":"standard","meta":{"ub_ctt_via":"","_mi_skip_tracking":false},"categories":[446],"tags":[783],"featured_image_src":"https:\/\/www.messinaoggi.it\/website\/wp-content\/uploads\/2025\/03\/20250329_0723.jpg","author_info":{"display_name":"Admin","author_link":"https:\/\/www.messinaoggi.it\/website\/author\/admin\/"},"digistream_id":0,"digistream":false,"_links":{"self":[{"href":"https:\/\/www.messinaoggi.it\/website\/wp-json\/wp\/v2\/posts\/233784"}],"collection":[{"href":"https:\/\/www.messinaoggi.it\/website\/wp-json\/wp\/v2\/posts"}],"about":[{"href":"https:\/\/www.messinaoggi.it\/website\/wp-json\/wp\/v2\/types\/post"}],"author":[{"embeddable":true,"href":"https:\/\/www.messinaoggi.it\/website\/wp-json\/wp\/v2\/users\/18"}],"replies":[{"embeddable":true,"href":"https:\/\/www.messinaoggi.it\/website\/wp-json\/wp\/v2\/comments?post=233784"}],"version-history":[{"count":0,"href":"https:\/\/www.messinaoggi.it\/website\/wp-json\/wp\/v2\/posts\/233784\/revisions"}],"wp:featuredmedia":[{"embeddable":true,"href":"https:\/\/www.messinaoggi.it\/website\/wp-json\/wp\/v2\/media\/233785"}],"wp:attachment":[{"href":"https:\/\/www.messinaoggi.it\/website\/wp-json\/wp\/v2\/media?parent=233784"}],"wp:term":[{"taxonomy":"category","embeddable":true,"href":"https:\/\/www.messinaoggi.it\/website\/wp-json\/wp\/v2\/categories?post=233784"},{"taxonomy":"post_tag","embeddable":true,"href":"https:\/\/www.messinaoggi.it\/website\/wp-json\/wp\/v2\/tags?post=233784"}],"curies":[{"name":"wp","href":"https:\/\/api.w.org\/{rel}","templated":true}]}}