{"id":233782,"date":"2025-03-29T17:05:41","date_gmt":"2025-03-29T16:05:41","guid":{"rendered":"https:\/\/www.messinaoggi.it\/website\/2025\/03\/29\/conceicao-quarto-posto-non-sarei-qui-se-non-ci-credessi\/"},"modified":"2025-03-29T17:05:41","modified_gmt":"2025-03-29T16:05:41","slug":"conceicao-quarto-posto-non-sarei-qui-se-non-ci-credessi","status":"publish","type":"post","link":"https:\/\/www.messinaoggi.it\/website\/2025\/03\/29\/conceicao-quarto-posto-non-sarei-qui-se-non-ci-credessi\/","title":{"rendered":"Conceicao \u201cQuarto posto? Non sarei qui se non ci credessi\u201d"},"content":{"rendered":"<div>MILANO (ITALPRESS) &#8211; <em>&#8220;Abbiamo avuto diversi convocati nelle nazionali, ma con quelli che sono rimasti abbiamo fatto un lavoro diverso e importante&#8221;.<\/em> Sergio <strong>Conceicao,<\/strong> tecnico del <strong>Milan,<\/strong> non cerca alibi in vista della sfida contro il <strong>Napoli,<\/strong> in programma domani alle 20.45 allo stadio Maradona. Una partita molto importante per i rossoneri che non hanno intenzione di mollare la presa per l&#8217;ultima posizione che garantisce un posto nella prossima Champions League: <em>&#8220;Non sarei qui se non ci credessi&#8221;.<\/em><div id=\"div-gpt-ad-Messinaoggi.it-DSK-300x250-corpoart\" style=\"text-align:center;margin:0 auto;\"><\/div><\/p>\n<p>E&#8217; anche vero &#8211; per\u00f2 &#8211; che nelle ultime settimane si \u00e8 parlato tanto del futuro e spesso sono stati accostati nomi di altri allenatori per il prossimo anno:<em> &#8220;Io devo lavorare, non ho bisogno di rassicurazioni<\/em> &#8211; ha detto Conceicao -.<em> Io dipendo dai risultati, poi quando &#8211; tra una settimana o 10 anni &#8211; le strade si separeranno vedremo. Non ho bisogno di qualcuno che mi rassicuri. Abbiamo due obiettivi, il quarto posto e la Coppa Italia&#8221;.<\/em><div id=\"videoincontent\" style=\"clear:both\";><\/div><\/p>\n<p>Sfida nella sfida quella con il tecnico del Napoli, Antonio Conte: <em>&#8220;Ho giocato contro di lui da giocatore, ci siamo affrontati tante volte, ma da allenatore \u00e8 la prima volta. Affrontiamo una squadra forte ed \u00e8 una sfida importante per arrivare al nostro obiettivo. Faremo di tutto per fare un buon risultato e vogliamo vincere, abbiamo lavorato per questo. I nostri avversari hanno qualit\u00e0, sono l&#8217;immagine del loro allenatore. Sappiamo a memoria cosa fanno e come costruiscono, ci siamo preparati su questo ma guardiamo a noi stessi perch\u00e8 possiamo metterli in difficolt\u00e0. Mi piace sfidare i migliori e il Napoli in questo momento \u00e8 una delle migliori squadre. Io il Conte portoghese? No, sono qui per fare il miglior lavoro che posso. Io e Antonio abbiamo grande passione, forse per questo ci hanno paragonati&#8221;.<\/em><\/p>\n<p>Infine, sulla propriet\u00e0 e Ibrahimovic, ritornato a Milanello:<em> &#8220;Non pu\u00f2 giocare domani, purtroppo<\/em> &#8211; ha detto ridendo Conceicao -.<em> Con la dirigenza ci sentiamo tutti i giorni, sono sempre con la squadra. Abbiamo lavorato in un ambiente sano e buono&#8221;.<\/em><\/p>\n<p>&#8211; Foto: Ipa Agency &#8211;<\/p>\n<p>(ITALPRESS).<\/p><\/div>\n","protected":false},"excerpt":{"rendered":"<p>MILANO (ITALPRESS) &#8211; &#8220;Abbiamo avuto diversi convocati nelle nazionali, ma con quelli che sono rimasti abbiamo fatto un lavoro diverso e importante&#8221;. Sergio Conceicao, tecnico del Milan, non cerca alibi in vista della sfida contro il Napoli, in programma domani alle 20.45 allo stadio Maradona. Una partita molto importante per i rossoneri che non hanno [&hellip;]<\/p>\n","protected":false},"author":18,"featured_media":233783,"comment_status":"closed","ping_status":"closed","sticky":false,"template":"","format":"standard","meta":{"ub_ctt_via":"","_mi_skip_tracking":false},"categories":[446],"tags":[783],"featured_image_src":"https:\/\/www.messinaoggi.it\/website\/wp-content\/uploads\/2025\/03\/20250329_0699.jpg","author_info":{"display_name":"Admin","author_link":"https:\/\/www.messinaoggi.it\/website\/author\/admin\/"},"digistream_id":0,"digistream":false,"_links":{"self":[{"href":"https:\/\/www.messinaoggi.it\/website\/wp-json\/wp\/v2\/posts\/233782"}],"collection":[{"href":"https:\/\/www.messinaoggi.it\/website\/wp-json\/wp\/v2\/posts"}],"about":[{"href":"https:\/\/www.messinaoggi.it\/website\/wp-json\/wp\/v2\/types\/post"}],"author":[{"embeddable":true,"href":"https:\/\/www.messinaoggi.it\/website\/wp-json\/wp\/v2\/users\/18"}],"replies":[{"embeddable":true,"href":"https:\/\/www.messinaoggi.it\/website\/wp-json\/wp\/v2\/comments?post=233782"}],"version-history":[{"count":0,"href":"https:\/\/www.messinaoggi.it\/website\/wp-json\/wp\/v2\/posts\/233782\/revisions"}],"wp:featuredmedia":[{"embeddable":true,"href":"https:\/\/www.messinaoggi.it\/website\/wp-json\/wp\/v2\/media\/233783"}],"wp:attachment":[{"href":"https:\/\/www.messinaoggi.it\/website\/wp-json\/wp\/v2\/media?parent=233782"}],"wp:term":[{"taxonomy":"category","embeddable":true,"href":"https:\/\/www.messinaoggi.it\/website\/wp-json\/wp\/v2\/categories?post=233782"},{"taxonomy":"post_tag","embeddable":true,"href":"https:\/\/www.messinaoggi.it\/website\/wp-json\/wp\/v2\/tags?post=233782"}],"curies":[{"name":"wp","href":"https:\/\/api.w.org\/{rel}","templated":true}]}}