{"id":233778,"date":"2025-03-30T00:05:43","date_gmt":"2025-03-29T23:05:43","guid":{"rendered":"https:\/\/www.messinaoggi.it\/website\/2025\/03\/29\/meloni-nessun-segnale-agli-alleati-sto-con-litalia-e-loccidente\/"},"modified":"2025-03-30T12:58:35","modified_gmt":"2025-03-30T10:58:35","slug":"meloni-nessun-segnale-agli-alleati-sto-con-litalia-e-loccidente","status":"publish","type":"post","link":"https:\/\/www.messinaoggi.it\/website\/2025\/03\/30\/meloni-nessun-segnale-agli-alleati-sto-con-litalia-e-loccidente\/","title":{"rendered":"Meloni \u201cNessun segnale agli alleati. Sto con l\u2019Italia e l\u2019Occidente\u201d"},"content":{"rendered":"<div>ROMA (ITALPRESS) &#8211;<em> &#8220;Ho letto cose bizzarre per la mia presenza qui come la teoria che volevo concedermi una scorribanda tra i moderati, ma dopo l&#8217;intervento di Calenda porto io la moderazione. Un&#8217;altra ricostruzione surreale \u00e8 che io sia qui per dare segnali ai miei alleati, pronta a sostituirli. In Italia si passa dalla criminalizzazione tra schieramenti a fare il Governo insieme, ma questo non \u00e8 mai stata la mia cifra&#8221;. <\/em>Lo ha detto la <strong>Presidente<\/strong> del Consiglio Giorgia <strong>Meloni<\/strong> intervenendo al Congresso di Azione.<div id=\"div-gpt-ad-Messinaoggi.it-DSK-300x250-corpoart\" style=\"text-align:center;margin:0 auto;\"><\/div><\/p>\n<p>&#8220;<em>Io sono qui per una ragione molto pi\u00f9 profonda: vengo da una storia politica e di una comunit\u00e0 che ha fatto del confronto con idee, anche le pi\u00f9 distanti possibili da se, la cifra della propria dimensione. Senza che il confronto con le persone anche distanti potesse mai mettere in discussione l&#8217;identit\u00e0 che avevamo<\/em> &#8211; ha aggiunto &#8211; <em>Sono qui perch\u00e8 so quanto momenti come questo siano fondamentali per lo stato di salute dei partiti e della democrazia nel suo complesso&#8221;.<\/em><div id=\"videoincontent\" style=\"clear:both\";><\/div><\/p>\n<p><em>&#8220;Sono rimasta molto stupita<\/em> &#8211; aggiunge &#8211; <em>per l&#8217;interpretazione che molti hanno dato alla mia intervista al Financial Times. Hanno detto che \u00e8 scandaloso che Meloni dichiara di stare con Trump e contro l&#8217;Europa. Io ho detto una cosa molto diversa: sto sempre con l&#8217;Italia, che sta in Europa, e che l&#8217;Italia deve lavorare per rafforzare o difendere l&#8217;unit\u00e0 dell&#8217;Occidente, che \u00e8 un bene molto prezioso per essere archiviato con leggerezza&#8221;.<\/em><\/p>\n<p><em>&#8220;Penso che sia nella responsabilit\u00e0 mia e dell&#8217;Italia fare quello che si pu\u00f2 per difendere questa unit\u00e0 e ricostruirla se necessario<\/em> &#8211; ha aggiunto &#8211; <em>Certo che ci sono temi divisivi e divergenze sul tavolo, a partire dai dazi. Ma proprio per questo ritengo che non bisogna agire d&#8217;impulso, ma in modo ragionato cercando ogni possibile punto di equilibrio&#8221;.<\/em><\/p>\n<p>-foto Ipa Agency-<\/p>\n<p>(ITALPRESS).<\/p><\/div>\n","protected":false},"excerpt":{"rendered":"<p>ROMA (ITALPRESS) &#8211; &#8220;Ho letto cose bizzarre per la mia presenza qui come la teoria che volevo concedermi una scorribanda tra i moderati, ma dopo l&#8217;intervento di Calenda porto io la moderazione. Un&#8217;altra ricostruzione surreale \u00e8 che io sia qui per dare segnali ai miei alleati, pronta a sostituirli. In Italia si passa dalla criminalizzazione [&hellip;]<\/p>\n","protected":false},"author":18,"featured_media":233779,"comment_status":"closed","ping_status":"closed","sticky":false,"template":"","format":"standard","meta":{"ub_ctt_via":"","_mi_skip_tracking":false},"categories":[446,4],"tags":[783],"featured_image_src":"https:\/\/www.messinaoggi.it\/website\/wp-content\/uploads\/2025\/03\/20250329_0646.jpg","author_info":{"display_name":"Admin","author_link":"https:\/\/www.messinaoggi.it\/website\/author\/admin\/"},"digistream_id":0,"digistream":false,"_links":{"self":[{"href":"https:\/\/www.messinaoggi.it\/website\/wp-json\/wp\/v2\/posts\/233778"}],"collection":[{"href":"https:\/\/www.messinaoggi.it\/website\/wp-json\/wp\/v2\/posts"}],"about":[{"href":"https:\/\/www.messinaoggi.it\/website\/wp-json\/wp\/v2\/types\/post"}],"author":[{"embeddable":true,"href":"https:\/\/www.messinaoggi.it\/website\/wp-json\/wp\/v2\/users\/18"}],"replies":[{"embeddable":true,"href":"https:\/\/www.messinaoggi.it\/website\/wp-json\/wp\/v2\/comments?post=233778"}],"version-history":[{"count":1,"href":"https:\/\/www.messinaoggi.it\/website\/wp-json\/wp\/v2\/posts\/233778\/revisions"}],"predecessor-version":[{"id":233822,"href":"https:\/\/www.messinaoggi.it\/website\/wp-json\/wp\/v2\/posts\/233778\/revisions\/233822"}],"wp:featuredmedia":[{"embeddable":true,"href":"https:\/\/www.messinaoggi.it\/website\/wp-json\/wp\/v2\/media\/233779"}],"wp:attachment":[{"href":"https:\/\/www.messinaoggi.it\/website\/wp-json\/wp\/v2\/media?parent=233778"}],"wp:term":[{"taxonomy":"category","embeddable":true,"href":"https:\/\/www.messinaoggi.it\/website\/wp-json\/wp\/v2\/categories?post=233778"},{"taxonomy":"post_tag","embeddable":true,"href":"https:\/\/www.messinaoggi.it\/website\/wp-json\/wp\/v2\/tags?post=233778"}],"curies":[{"name":"wp","href":"https:\/\/api.w.org\/{rel}","templated":true}]}}