{"id":233721,"date":"2025-03-29T11:05:39","date_gmt":"2025-03-29T10:05:39","guid":{"rendered":"https:\/\/www.messinaoggi.it\/website\/2025\/03\/29\/von-der-leyen-il-piano-di-difesa-una-chance-per-litalia\/"},"modified":"2025-03-29T11:05:39","modified_gmt":"2025-03-29T10:05:39","slug":"von-der-leyen-il-piano-di-difesa-una-chance-per-litalia","status":"publish","type":"post","link":"https:\/\/www.messinaoggi.it\/website\/2025\/03\/29\/von-der-leyen-il-piano-di-difesa-una-chance-per-litalia\/","title":{"rendered":"Von der Leyen \u201cIl piano di difesa una chance per l\u2019Italia\u201d"},"content":{"rendered":"<div>ROMA (ITALPRESS) &#8211; <em>&#8220;L&#8217;Europa \u00e8 sempre stata un progetto di pace e sar\u00e0 sempre un progetto di pace. Ma bisogna essere forti per mantenere la pace. Il piano Readiness 2030 copre un ambito pi\u00f9 ampio, che guarda le diverse dimensioni della sicurezza e gli strumenti per mantenere la pace. Questo \u00e8 l&#8217;approccio principale&#8221;<\/em>. A parlare, intervistata dal Corriere della Sera, \u00e8 la <strong>presidente<\/strong> della<strong> Commissione Ue<\/strong> Ursula<strong> von der Leyen<\/strong>.<div id=\"div-gpt-ad-Messinaoggi.it-DSK-300x250-corpoart\" style=\"text-align:center;margin:0 auto;\"><\/div><\/p>\n<p>Readiness 2030 <em>&#8220;\u00e8 un massiccio piano di investimenti in innovazione, in ricerca e sviluppo, in startup innovative. E l&#8217;Italia ne trarr\u00e0 un grande beneficio, perch\u00e8 ha una base industriale della difesa molto rinomata e forte. E&#8217; un programma di investimenti che aumenter\u00e0 la prosperit\u00e0. E questo va a vantaggio dell&#8217;economia e della societ\u00e0 italiane, ma anche delle infrastrutture al servizio delle persone, come gli ospedali&#8221;.<\/em><div id=\"videoincontent\" style=\"clear:both\";><\/div><\/p>\n<p>Von der Leyen si dice convinta che la<em> &#8220;relazione&#8221;<\/em> con gli Stati Uniti <em>&#8220;terr\u00e0. Abbiamo punti di vista diversi su questioni specifiche, ad esempio sul commercio, ma abbiamo anche valori condivisi e forti interessi comuni. Credo in un dialogo costruttivo e lavoro duramente per questo. E&#8217; meglio lavorare insieme che lavorare l&#8217;uno contro l&#8217;altro e sono determinata a dare il mio contributo in tal senso&#8221;.<\/em><\/p>\n<p>-foto Ipa Agency-<\/p>\n<p>(ITALPRESS).<\/p><\/div>\n","protected":false},"excerpt":{"rendered":"<p>ROMA (ITALPRESS) &#8211; &#8220;L&#8217;Europa \u00e8 sempre stata un progetto di pace e sar\u00e0 sempre un progetto di pace. Ma bisogna essere forti per mantenere la pace. Il piano Readiness 2030 copre un ambito pi\u00f9 ampio, che guarda le diverse dimensioni della sicurezza e gli strumenti per mantenere la pace. Questo \u00e8 l&#8217;approccio principale&#8221;. A parlare, [&hellip;]<\/p>\n","protected":false},"author":18,"featured_media":233722,"comment_status":"closed","ping_status":"closed","sticky":false,"template":"","format":"standard","meta":{"ub_ctt_via":"","_mi_skip_tracking":false},"categories":[446],"tags":[783],"featured_image_src":"https:\/\/www.messinaoggi.it\/website\/wp-content\/uploads\/2025\/03\/20250329_0098.jpg","author_info":{"display_name":"Admin","author_link":"https:\/\/www.messinaoggi.it\/website\/author\/admin\/"},"digistream_id":0,"digistream":false,"_links":{"self":[{"href":"https:\/\/www.messinaoggi.it\/website\/wp-json\/wp\/v2\/posts\/233721"}],"collection":[{"href":"https:\/\/www.messinaoggi.it\/website\/wp-json\/wp\/v2\/posts"}],"about":[{"href":"https:\/\/www.messinaoggi.it\/website\/wp-json\/wp\/v2\/types\/post"}],"author":[{"embeddable":true,"href":"https:\/\/www.messinaoggi.it\/website\/wp-json\/wp\/v2\/users\/18"}],"replies":[{"embeddable":true,"href":"https:\/\/www.messinaoggi.it\/website\/wp-json\/wp\/v2\/comments?post=233721"}],"version-history":[{"count":0,"href":"https:\/\/www.messinaoggi.it\/website\/wp-json\/wp\/v2\/posts\/233721\/revisions"}],"wp:featuredmedia":[{"embeddable":true,"href":"https:\/\/www.messinaoggi.it\/website\/wp-json\/wp\/v2\/media\/233722"}],"wp:attachment":[{"href":"https:\/\/www.messinaoggi.it\/website\/wp-json\/wp\/v2\/media?parent=233721"}],"wp:term":[{"taxonomy":"category","embeddable":true,"href":"https:\/\/www.messinaoggi.it\/website\/wp-json\/wp\/v2\/categories?post=233721"},{"taxonomy":"post_tag","embeddable":true,"href":"https:\/\/www.messinaoggi.it\/website\/wp-json\/wp\/v2\/tags?post=233721"}],"curies":[{"name":"wp","href":"https:\/\/api.w.org\/{rel}","templated":true}]}}