{"id":233570,"date":"2025-03-28T11:11:04","date_gmt":"2025-03-28T10:11:04","guid":{"rendered":"http:\/\/www.messinaoggi.it\/website\/?p=233570"},"modified":"2025-03-28T11:11:37","modified_gmt":"2025-03-28T10:11:37","slug":"abbattimento-degli-alberi-in-viale-giostra-i-consiglieri-calabro-e-russo-pd-chiedono-chiarezza","status":"publish","type":"post","link":"https:\/\/www.messinaoggi.it\/website\/2025\/03\/28\/abbattimento-degli-alberi-in-viale-giostra-i-consiglieri-calabro-e-russo-pd-chiedono-chiarezza\/","title":{"rendered":"Abbattimento degli alberi in Viale Giostra: i consiglieri Calabr\u00f2 e Russo (PD) chiedono chiarezza"},"content":{"rendered":"\n<p>I consiglieri comunali <strong>Felice Calabr\u00f2<\/strong> e <strong>Alessandro Russo<\/strong> intervengono con una nota stampa sulla controversa questione dell\u2019eliminazione di numerosi alberi lungo il Viale Giostra, che ha suscitato proteste da parte di cittadini, associazioni ambientaliste e della V Municipalit\u00e0.<div id=\"div-gpt-ad-Messinaoggi.it-DSK-300x250-corpoart\" style=\"text-align:center;margin:0 auto;\"><\/div><\/p>\n\n\n\n<p>\u00abLe recenti vicende relative all\u2019eliminazione sistematica di numerosi alberi \u2013 scrivono \u2013 meritano un urgente approfondimento da parte del Consiglio comunale\u00bb. <div id=\"videoincontent\" style=\"clear:both\";><\/div><\/p>\n\n\n\n<p>Per questo motivo, i due consiglieri hanno chiesto un accesso agli atti, \u00abin particolare a tutte le perizie o relazioni tecniche, come quelle degli agronomi, sulla base delle quali l\u2019Amministrazione ha deciso per l\u2019abbattimento\u00bb. <\/p>\n\n\n\n<p>L\u2019obiettivo \u00e8 accertare \u00abse fosse realmente necessario, sulla base di dati esclusivamente tecnici, o se esistessero soluzioni alternative che potessero garantire la sicurezza senza arrivare alla rimozione definitiva\u00bb.<\/p>\n\n\n\n<p>Calabr\u00f2 e Russo hanno inoltre richiesto la convocazione urgente della VI Commissione consiliare. In quella sede, spiegano, \u00abdovranno essere ascoltati gli assessori competenti, il dirigente del settore Ambiente e MessinaServizi Bene Comune. Questi soggetti dovranno spiegare pubblicamente le motivazioni dell\u2019abbattimento e le eventuali misure compensative previste\u00bb.<\/p>\n\n\n\n<p>\u00abLa cittadinanza \u2013 proseguono \u2013 sta osservando esterrefatta e ci chiede ogni giorno se quegli alberi, i cui tronchi sono rimasti a terra e fotografati da tanti, fossero davvero pericolosi al punto da dover essere abbattuti\u00bb.<\/p>\n\n\n\n<p>Le spiegazioni finora fornite dall\u2019Amministrazione in conferenza stampa, affermano i consiglieri, \u00abnon sembrano soddisfare le richieste di trasparenza e chiarezza che arrivano da tutta la citt\u00e0\u00bb.<\/p>\n\n\n\n<p>L&#8217;appello finale \u00e8 a un confronto pubblico e trasparente che possa chiarire ogni aspetto di una vicenda che tocca la sensibilit\u00e0 ambientale e il decoro urbano di un&#8217;intera comunit\u00e0.<\/p>\n","protected":false},"excerpt":{"rendered":"<p>I consiglieri comunali Felice Calabr\u00f2 e Alessandro Russo intervengono con una nota stampa sulla controversa questione dell\u2019eliminazione di numerosi alberi lungo il Viale Giostra, che ha suscitato proteste da parte di cittadini, associazioni ambientaliste e della V Municipalit\u00e0. \u00abLe recenti vicende relative all\u2019eliminazione sistematica di numerosi alberi \u2013 scrivono \u2013 meritano un urgente approfondimento da [&hellip;]<\/p>\n","protected":false},"author":15,"featured_media":43766,"comment_status":"open","ping_status":"open","sticky":false,"template":"","format":"standard","meta":{"ub_ctt_via":"","_mi_skip_tracking":false},"categories":[4,6],"tags":[11412,2185,6003,5344],"featured_image_src":"https:\/\/www.messinaoggi.it\/website\/wp-content\/uploads\/2020\/05\/potatura-alberi.jpg","author_info":{"display_name":"red.me","author_link":"https:\/\/www.messinaoggi.it\/website\/author\/red-me\/"},"digistream_id":0,"digistream":false,"_links":{"self":[{"href":"https:\/\/www.messinaoggi.it\/website\/wp-json\/wp\/v2\/posts\/233570"}],"collection":[{"href":"https:\/\/www.messinaoggi.it\/website\/wp-json\/wp\/v2\/posts"}],"about":[{"href":"https:\/\/www.messinaoggi.it\/website\/wp-json\/wp\/v2\/types\/post"}],"author":[{"embeddable":true,"href":"https:\/\/www.messinaoggi.it\/website\/wp-json\/wp\/v2\/users\/15"}],"replies":[{"embeddable":true,"href":"https:\/\/www.messinaoggi.it\/website\/wp-json\/wp\/v2\/comments?post=233570"}],"version-history":[{"count":3,"href":"https:\/\/www.messinaoggi.it\/website\/wp-json\/wp\/v2\/posts\/233570\/revisions"}],"predecessor-version":[{"id":233577,"href":"https:\/\/www.messinaoggi.it\/website\/wp-json\/wp\/v2\/posts\/233570\/revisions\/233577"}],"wp:featuredmedia":[{"embeddable":true,"href":"https:\/\/www.messinaoggi.it\/website\/wp-json\/wp\/v2\/media\/43766"}],"wp:attachment":[{"href":"https:\/\/www.messinaoggi.it\/website\/wp-json\/wp\/v2\/media?parent=233570"}],"wp:term":[{"taxonomy":"category","embeddable":true,"href":"https:\/\/www.messinaoggi.it\/website\/wp-json\/wp\/v2\/categories?post=233570"},{"taxonomy":"post_tag","embeddable":true,"href":"https:\/\/www.messinaoggi.it\/website\/wp-json\/wp\/v2\/tags?post=233570"}],"curies":[{"name":"wp","href":"https:\/\/api.w.org\/{rel}","templated":true}]}}