{"id":23351,"date":"2018-08-16T12:45:17","date_gmt":"2018-08-16T10:45:17","guid":{"rendered":"http:\/\/www.messinaoggi.it\/website\/?p=23351"},"modified":"2018-08-16T12:45:17","modified_gmt":"2018-08-16T10:45:17","slug":"ferragosto-sei-gli-incidenti-che-hanno-avuto-luogo-nelle-autostrade","status":"publish","type":"post","link":"https:\/\/www.messinaoggi.it\/website\/2018\/08\/16\/ferragosto-sei-gli-incidenti-che-hanno-avuto-luogo-nelle-autostrade\/","title":{"rendered":"Ferragosto, sei gli incidenti che hanno avuto luogo nelle autostrade"},"content":{"rendered":"<p><span style=\"font-family: Arial, sans-serif\"><span style=\"font-size: medium\">Sei incidenti e otto feriti. Giornata difficile, quella del Ferragosto, per la viabilit\u00e0 sulle nostre autostrade<\/span><\/span><span style=\"font-family: Arial, sans-serif\"><span style=\"font-size: medium\">, complice anche la pioggia.\u00a0<\/span><\/span><span style=\"font-family: Arial, sans-serif\"><span style=\"font-size: medium\">Tra gli incidenti pi\u00f9 gravi rilevati dalla Polizia Stradale, se n&#8217;\u00e8 registrato uno<\/span><\/span><span style=\"font-size: medium;font-family: Arial, sans-serif\">\u00a0all\u2019interno della galleria \u201cPerara\u201d poco prima dello svincolo Messina Centro e l\u2019altro poco prima dei caselli di Villafranca Tirrena.<\/span><br \/>\n<span style=\"font-family: Arial, sans-serif\"><span style=\"font-size: medium\">Gli incidenti hanno creato qualche coda e qualche rallentamento agli ingressi di Messina, ma il potenziamento dei servizi predisposto per la giornata festiva, ha consentito che le criticit\u00e0 del traffico venissero risolte, quasi nell\u2019immediatezza, cosicch\u00e9 la viabilit\u00e0 \u00e8 stata mantenuta fluida e scorrevole.<\/span><\/span><br \/>\n<span style=\"font-family: Arial, sans-serif\"><span style=\"font-size: medium\">Volgendo lo sguardo ad altro, nella serata di ieri i poliziotti della Polstrada hanno inoltre tratto in arresto in flagranza di reato un 40enne messinese che stava consumando un furto all\u2019interno dell\u2019area di servizio Tremestieri Ovest. <\/span><\/span><span style=\"font-family: Arial, sans-serif\"><span style=\"font-size: medium\">Nel dettaglio, dopo essersi disfatto del braccialetto elettronico, l&#8217;uomo \u00e8 evaso dalla detenzione domiciliare e, con l\u2019ausilio di strumenti atti allo scasso, ha cercato di perpetrare il furto. Il 40enne \u00e8 stato tuttavia prontamente fermato, bloccato e tratto in arresto; nella giornata di oggi, l\u2019arrestato sar\u00e0 processato per direttissima.<\/span><\/span><div id=\"div-gpt-ad-Messinaoggi.it-DSK-300x250-corpoart\" style=\"text-align:center;margin:0 auto;\"><\/div><\/p>\n<div id=\"videoincontent\" style=\"clear:both\";><\/div>","protected":false},"excerpt":{"rendered":"<p>Sei incidenti e otto feriti. Giornata difficile, quella del Ferragosto, per la viabilit\u00e0 sulle nostre autostrade, complice anche la pioggia.\u00a0Tra gli incidenti pi\u00f9 gravi rilevati dalla Polizia Stradale, se n&#8217;\u00e8 registrato uno\u00a0all\u2019interno della galleria \u201cPerara\u201d poco prima dello svincolo Messina Centro e l\u2019altro poco prima dei caselli di Villafranca Tirrena. Gli incidenti hanno creato qualche [&hellip;]<\/p>\n","protected":false},"author":8,"featured_media":23352,"comment_status":"closed","ping_status":"open","sticky":false,"template":"","format":"standard","meta":{"ub_ctt_via":"","_mi_skip_tracking":false},"categories":[5],"tags":[],"featured_image_src":"https:\/\/www.messinaoggi.it\/website\/wp-content\/uploads\/2018\/08\/polizia-stradale-1.jpg","author_info":{"display_name":"red..me","author_link":"https:\/\/www.messinaoggi.it\/website\/author\/redstage\/"},"digistream_id":0,"digistream":false,"_links":{"self":[{"href":"https:\/\/www.messinaoggi.it\/website\/wp-json\/wp\/v2\/posts\/23351"}],"collection":[{"href":"https:\/\/www.messinaoggi.it\/website\/wp-json\/wp\/v2\/posts"}],"about":[{"href":"https:\/\/www.messinaoggi.it\/website\/wp-json\/wp\/v2\/types\/post"}],"author":[{"embeddable":true,"href":"https:\/\/www.messinaoggi.it\/website\/wp-json\/wp\/v2\/users\/8"}],"replies":[{"embeddable":true,"href":"https:\/\/www.messinaoggi.it\/website\/wp-json\/wp\/v2\/comments?post=23351"}],"version-history":[{"count":0,"href":"https:\/\/www.messinaoggi.it\/website\/wp-json\/wp\/v2\/posts\/23351\/revisions"}],"wp:featuredmedia":[{"embeddable":true,"href":"https:\/\/www.messinaoggi.it\/website\/wp-json\/wp\/v2\/media\/23352"}],"wp:attachment":[{"href":"https:\/\/www.messinaoggi.it\/website\/wp-json\/wp\/v2\/media?parent=23351"}],"wp:term":[{"taxonomy":"category","embeddable":true,"href":"https:\/\/www.messinaoggi.it\/website\/wp-json\/wp\/v2\/categories?post=23351"},{"taxonomy":"post_tag","embeddable":true,"href":"https:\/\/www.messinaoggi.it\/website\/wp-json\/wp\/v2\/tags?post=23351"}],"curies":[{"name":"wp","href":"https:\/\/api.w.org\/{rel}","templated":true}]}}