{"id":23349,"date":"2018-08-16T14:10:54","date_gmt":"2018-08-16T12:10:54","guid":{"rendered":"http:\/\/www.messinaoggi.it\/website\/?p=23349"},"modified":"2018-08-16T14:10:54","modified_gmt":"2018-08-16T12:10:54","slug":"ex-forzisti-transitano-nella-lega-gervasi-adesso-urge-una-riflessione-interna","status":"publish","type":"post","link":"https:\/\/www.messinaoggi.it\/website\/2018\/08\/16\/ex-forzisti-transitano-nella-lega-gervasi-adesso-urge-una-riflessione-interna\/","title":{"rendered":"Ex forzisti transitano nella Lega, Gervasi: &#039;Adesso urge una riflessione interna&#039;"},"content":{"rendered":"<p><span style=\"color: #000000\"><span style=\"font-family: Arial, sans-serif\">Cominciano a farsi sentire i malumori all&#8217;interno del centrodestra messinese a seguito della recente decisione dell&#8217;ex candidato sindaco alle ultime amministrative, Dino Bramanti, di dar vita, assieme ad altri tre colleghi, al gruppo della Lega in Consiglio comunale, formalizzando cos\u00ec la propria adesione al partito di Salvini. Al riguardo, riportiamo qui di seguito la nota di\u00a0<\/span><\/span><span style=\"color: #000000\"><span style=\"font-family: Arial, sans-serif\">Maria Fernanda Gervasi, c<\/span><\/span><span style=\"color: #000000\"><span style=\"font-family: Arial, sans-serif\">oordinatrice cittadina dei Giovani di Forza Italia:<\/span><\/span><br \/>\n<span style=\"color: #000000\"><span style=\"font-family: Arial, sans-serif\">&#8220;<\/span><\/span><em><span style=\"color: #000000\"><span style=\"font-family: Arial, sans-serif\">Personalmente ho creduto in Bramanti sin dall\u2019inizio. Mi sono spesa, senza mai risparmiarmi, nella ricerca del consenso da indirizzare verso il professore. L\u2019ho fatto, senza alcun tentennamento, anche quando &#8211; sicuramente non a cuor leggero &#8211; mi sono trovata costretta a rinunciare, su espressa richiesta del professore Bramanti e nell\u2019interesse esclusivo dell\u2019unit\u00e0 della coalizione, alla candidatura alla presidenza della IV Circoscrizione. <\/span><\/span><\/em><br \/>\n<span style=\"color: #000000\"><span style=\"font-family: Arial, sans-serif\">&#8220;<em>Malgrado il professore abbia in svariate circostanze professato la sua totale estraneit\u00e0 alle logiche di partito, ritengo assolutamente insindacabile la sua scelta di transitare nella Lega.\u00a0<\/em><\/span><\/span><span style=\"color: #000000\"><span style=\"font-family: Arial, sans-serif\"><em>Pi\u00f9 sorprendente, per\u00f2, appare la scelta di seguirlo da parte di alcuni consiglieri comunali. Se non altro perch\u00e9, nel caso specifico, si tratta di ex componenti di Forza Italia che hanno aderito, insieme alla sottoscritta, al progetto di costruzione di una nuova fase del nostro partito sin dal 2013. Eppure, nonostante tutto, i consiglieri comunali in questione, che perlomeno sul piano puramente formale sino a marted\u00ec scorso militavano nella medesima area politica di cui io stessa faccio parte, senza preventive comunicazioni interne, cos\u00ec come almeno dovrebbe imporre un certo gusto o meglio una forma basilare di rispetto nei confronti del partito e dei suoi componenti, hanno lasciato le nostre fila.<\/em><\/span><\/span><br \/>\n<span style=\"color: #000000\"><span style=\"font-family: Arial, sans-serif\">&#8220;<em>Stando cos\u00ec le cose, e sulla scia di una recente analisi dell\u2019avvocato Emilio Fragale, non posso che concordare rispetto alla necessit\u00e0 impellente di avviare una fase di ricognizione del partito Forza Italia in citt\u00e0 e in provincia<\/em>&#8220;.<\/span><\/span><div id=\"div-gpt-ad-Messinaoggi.it-DSK-300x250-corpoart\" style=\"text-align:center;margin:0 auto;\"><\/div><\/p>\n<div id=\"videoincontent\" style=\"clear:both\";><\/div>","protected":false},"excerpt":{"rendered":"<p>Cominciano a farsi sentire i malumori all&#8217;interno del centrodestra messinese a seguito della recente decisione dell&#8217;ex candidato sindaco alle ultime amministrative, Dino Bramanti, di dar vita, assieme ad altri tre colleghi, al gruppo della Lega in Consiglio comunale, formalizzando cos\u00ec la propria adesione al partito di Salvini. Al riguardo, riportiamo qui di seguito la nota [&hellip;]<\/p>\n","protected":false},"author":8,"featured_media":23350,"comment_status":"closed","ping_status":"open","sticky":false,"template":"","format":"standard","meta":{"ub_ctt_via":"","_mi_skip_tracking":false},"categories":[4],"tags":[],"featured_image_src":"https:\/\/www.messinaoggi.it\/website\/wp-content\/uploads\/2018\/08\/Maria-Fernanda-Gervasi-1.jpg","author_info":{"display_name":"red..me","author_link":"https:\/\/www.messinaoggi.it\/website\/author\/redstage\/"},"digistream_id":0,"digistream":false,"_links":{"self":[{"href":"https:\/\/www.messinaoggi.it\/website\/wp-json\/wp\/v2\/posts\/23349"}],"collection":[{"href":"https:\/\/www.messinaoggi.it\/website\/wp-json\/wp\/v2\/posts"}],"about":[{"href":"https:\/\/www.messinaoggi.it\/website\/wp-json\/wp\/v2\/types\/post"}],"author":[{"embeddable":true,"href":"https:\/\/www.messinaoggi.it\/website\/wp-json\/wp\/v2\/users\/8"}],"replies":[{"embeddable":true,"href":"https:\/\/www.messinaoggi.it\/website\/wp-json\/wp\/v2\/comments?post=23349"}],"version-history":[{"count":0,"href":"https:\/\/www.messinaoggi.it\/website\/wp-json\/wp\/v2\/posts\/23349\/revisions"}],"wp:featuredmedia":[{"embeddable":true,"href":"https:\/\/www.messinaoggi.it\/website\/wp-json\/wp\/v2\/media\/23350"}],"wp:attachment":[{"href":"https:\/\/www.messinaoggi.it\/website\/wp-json\/wp\/v2\/media?parent=23349"}],"wp:term":[{"taxonomy":"category","embeddable":true,"href":"https:\/\/www.messinaoggi.it\/website\/wp-json\/wp\/v2\/categories?post=23349"},{"taxonomy":"post_tag","embeddable":true,"href":"https:\/\/www.messinaoggi.it\/website\/wp-json\/wp\/v2\/tags?post=23349"}],"curies":[{"name":"wp","href":"https:\/\/api.w.org\/{rel}","templated":true}]}}