{"id":233477,"date":"2025-03-29T00:50:43","date_gmt":"2025-03-28T23:50:43","guid":{"rendered":"http:\/\/www.messinaoggi.it\/website\/?p=233477"},"modified":"2025-03-29T09:06:58","modified_gmt":"2025-03-29T08:06:58","slug":"demansionamento-infermieri-successo-della-uil-fpl","status":"publish","type":"post","link":"https:\/\/www.messinaoggi.it\/website\/2025\/03\/29\/demansionamento-infermieri-successo-della-uil-fpl\/","title":{"rendered":"Demansionamento infermieri, successo della Uil-Fpl"},"content":{"rendered":"\n<p>La Suprema Corte di Cassazione, con un recente pronunciamento, ha posto fine all&#8217;annosa questione delle vertenze sul demansionamento del personale infermieristico. Infatti la Suprema Corte, si \u00e8 espressa in maniera favorevole ed inequivocabile sui ricorsi presentati da alcuni infermieri dell&#8217;ASP di Trapani, le cui istanze contro il demansionamento erano state rigettate sia dal Giudice ordinario di Trapani che dalla corte di Appello di Palermo.<div id=\"div-gpt-ad-Messinaoggi.it-DSK-300x250-corpoart\" style=\"text-align:center;margin:0 auto;\"><\/div><\/p>\n\n\n\n<p>\u201cLa UIL FPL di Messina, che a tutt&#8217;oggi sta assistendo numerosi infermieri in tale vertenza, attraverso lo studio legale dell\u2019Avvocato Oreste Puglisi, ottenendo circa 100 sentenze favorevoli tra il primo e secondo grado di giudizio, esprime notevole soddisfazione per l&#8217;epilogo finale di tale importante conquista, che riconosce non solo importanti benefici economici, ma stabilisce definitivamente gli aspetti del demansionamento che si configurano come una problematica attinente alla dignit\u00e0 professionale, indubbiamente calpestata, nonch\u00e9 alla qualit\u00e0 dell&#8217;assistenza sanitaria, nella fattispecie ridotta\u201d.<div id=\"videoincontent\" style=\"clear:both\";><\/div><\/p>\n\n\n\n<p>Lo afferma <strong>Livio Andronico<\/strong>, segretario generale della Uil-Fpl di Messina.<\/p>\n\n\n\n<p>\u201cEsprimiamo soddisfazione anche perch\u00e9 in questa vertenza siamo stati gli unici a crederci ed abbiamo anche subito gli insulti di una sigla sindacale confederale, guidata da una Segretaria che addirittura, in maniera disdicevole accusava la UIL FPL di voto di scambio nelle prossime elezioni delle RSU, sol perch\u00e9 chiedevamo ad una Azienda sanitaria di liquidare con urgenza le somme spettanti ai lavoratori vincitori del ricorso sul demansionamento.Vergogna! Ci\u00f2 premesso, la UIL FPL invita il personale infermieristico delle aziende sanitaria del Papardo dell\u2019Asp, e del Policlinico G. Martino che ancora non hanno avviato la procedura per il riconoscimento del demansionamento a farsi assistere in maniera gratuita dalla UIL FPL, unico sindacato che ha sempre creduto in questa vertenza, al contrario di quel sindacato che non tutela gli interessi del lavoratori\u201d.<\/p>\n\n\n\n<p>Conclude Livio Andronico.<\/p>\n","protected":false},"excerpt":{"rendered":"<p>La Suprema Corte di Cassazione, con un recente pronunciamento, ha posto fine all&#8217;annosa questione delle vertenze sul demansionamento del personale infermieristico. Infatti la Suprema Corte, si \u00e8 espressa in maniera favorevole ed inequivocabile sui ricorsi presentati da alcuni infermieri dell&#8217;ASP di Trapani, le cui istanze contro il demansionamento erano state rigettate sia dal Giudice ordinario [&hellip;]<\/p>\n","protected":false},"author":2,"featured_media":180581,"comment_status":"open","ping_status":"open","sticky":false,"template":"","format":"standard","meta":{"ub_ctt_via":"","_mi_skip_tracking":false},"categories":[5],"tags":[],"featured_image_src":"https:\/\/www.messinaoggi.it\/website\/wp-content\/uploads\/2023\/12\/unnamed-1.jpg","author_info":{"display_name":"Redazione","author_link":"https:\/\/www.messinaoggi.it\/website\/author\/redazione\/"},"digistream_id":0,"digistream":false,"_links":{"self":[{"href":"https:\/\/www.messinaoggi.it\/website\/wp-json\/wp\/v2\/posts\/233477"}],"collection":[{"href":"https:\/\/www.messinaoggi.it\/website\/wp-json\/wp\/v2\/posts"}],"about":[{"href":"https:\/\/www.messinaoggi.it\/website\/wp-json\/wp\/v2\/types\/post"}],"author":[{"embeddable":true,"href":"https:\/\/www.messinaoggi.it\/website\/wp-json\/wp\/v2\/users\/2"}],"replies":[{"embeddable":true,"href":"https:\/\/www.messinaoggi.it\/website\/wp-json\/wp\/v2\/comments?post=233477"}],"version-history":[{"count":1,"href":"https:\/\/www.messinaoggi.it\/website\/wp-json\/wp\/v2\/posts\/233477\/revisions"}],"predecessor-version":[{"id":233478,"href":"https:\/\/www.messinaoggi.it\/website\/wp-json\/wp\/v2\/posts\/233477\/revisions\/233478"}],"wp:featuredmedia":[{"embeddable":true,"href":"https:\/\/www.messinaoggi.it\/website\/wp-json\/wp\/v2\/media\/180581"}],"wp:attachment":[{"href":"https:\/\/www.messinaoggi.it\/website\/wp-json\/wp\/v2\/media?parent=233477"}],"wp:term":[{"taxonomy":"category","embeddable":true,"href":"https:\/\/www.messinaoggi.it\/website\/wp-json\/wp\/v2\/categories?post=233477"},{"taxonomy":"post_tag","embeddable":true,"href":"https:\/\/www.messinaoggi.it\/website\/wp-json\/wp\/v2\/tags?post=233477"}],"curies":[{"name":"wp","href":"https:\/\/api.w.org\/{rel}","templated":true}]}}