{"id":23345,"date":"2018-08-16T18:34:43","date_gmt":"2018-08-16T16:34:43","guid":{"rendered":"http:\/\/www.messinaoggi.it\/website\/?p=23345"},"modified":"2018-08-16T18:34:43","modified_gmt":"2018-08-16T16:34:43","slug":"domani-al-via-capo-peloro-fest-musica-cinema-e-artigiani","status":"publish","type":"post","link":"https:\/\/www.messinaoggi.it\/website\/2018\/08\/16\/domani-al-via-capo-peloro-fest-musica-cinema-e-artigiani\/","title":{"rendered":"Domani al via &quot;Capo Peloro Fest&quot;. Musica, cinema e artigiani"},"content":{"rendered":"<p class=\"p1\" style=\"text-align: justify;\"><span class=\"s1\">Patrocinato dal comune di Messina e dal suo assessorato alla Cultura, con il contributo della presidenza dell\u2019Ars, si svolger\u00e0 gioved\u00ec 17 e venerd\u00ec 18 la terza edizione del Capo Peloro Fest 2017, organizzata dalla Pro Loco Capo Peloro. Sette band, cinema, artisti di strada, trenta tra artigiani, pittori e fotografi, quattro punti di ristoro, dirette web e radiofoniche caratterizzeranno l\u2019evento, che animer\u00e0 la spiaggia del Pilone in una location\u00a0unica. <\/span><div id=\"div-gpt-ad-Messinaoggi.it-DSK-300x250-corpoart\" style=\"text-align:center;margin:0 auto;\"><\/div><\/p>\n<p class=\"p1\" style=\"text-align: justify;\"><span class=\"s1\">Protagonista sar\u00e0 la musica, strumento di comunicazione pi\u00f9 efficace per dare vita ad una manifestazione che possa coinvolgere quante pi\u00f9 entit\u00e0 possibili in una visione \u201crivoluzionaria\u201d dedicata al territorio ma di consapevolezza internazionale. Il Capo Peloro Fest \u00e8 un evento no profit, ad ingresso libero: due giorni di grande spettacolo ed intrattenimento, con buoni risultati nelle due precedenti edizioni (oltre ventimila persone coinvolte attraverso web, social network e stampa, 3000 presenze per anno, indotto economico di 90 mila euro sul territorio). Gioved\u00ec 17 e venerd\u00ec 18 un grande palco ospiter\u00e0 personalit\u00e0 musicali amatissime e, sulla spiaggia libera sotto il Pilone, sono previste numerose attivit\u00e0 quali proiezioni cinematografiche, esposizioni e mostre artistiche, mercatini artigianali, games &amp; comics. <\/span><div id=\"videoincontent\" style=\"clear:both\";><\/div><\/p>\n<p class=\"p1\" style=\"text-align: justify;\"><span class=\"s1\">Con la direzione artistica di Nello Cutugno e Paolo Alibrandi, sono stati incrementati in questa edizione i contenuti ed il valore artistico della manifestazione che, come nuova sfida, coinvolger\u00e0 gli spettatori sin dal primo pomeriggio. Grazie alla collaborazione dell\u2019associazione Pangea, il primo appuntamento di gioved\u00ec 17 sar\u00e0 dedicato al genere Reggae\/Dub; presenti gruppi siciliani\u00a0come i Reggae Connection e Triska &amp; The JahJaha,\u00a0i Rumble in The Jungle, Francesco Tizianel, gli attesissimi Big Mimma ed il loro\u00a0nuovo album in uscita. A seguire la partecipazione del movimento catanese Weak (tra cui uno dei fondatori del Pop-Up, Sicily Market, sbarcato qualche mese fa anche a Londra) e del produttore musicale, Paul Ursin, residente a\u00a0cento metri dalla location del Fest. Venerd\u00ec 18, in\u00a0prima serata, \u00e8 in programma il \u201cCinema sotto le stelle\u201d con la proiezione del film \u201cNon \u00e8 un paese per giovani\u201d di Veronesi con la partecipazione dell\u2019attore messinese, Nino Frassica, coinvolto\u00a0dai ragazzi della Pro Loco. <\/span><\/p>\n<p class=\"p1\" style=\"text-align: justify;\"><span class=\"s1\">Grande musica anche per questo secondo appuntamento dedicato principalmente al cantautorato: Raco e la sua terra pura, The Trip Takers,\u00a0Ka Jah City, reduci dal secondo posto al Festival Bababoom, Tur\u00e8 Muschio ed i Qbeta, la band di maggiore rilievo di tutta l\u2019edizione 2017. Nel corso del Fest sar\u00e0 lanciato il\u00a0numero zero\u00a0di Capitan Peloro: il fumetto, tirato in mille copie, ideato e prodotto dalla Pro Loco Capo Peloro, in vendita anche online in cambio di una libera offerta, il cui ricavato sar\u00e0 interamente restituito al territorio con opere mirate all\u2019ambiente e alla cultura. Previste inoltre iniziative di arte, mostre e giochi.<\/span><\/p>\n","protected":false},"excerpt":{"rendered":"<p>Patrocinato dal comune di Messina e dal suo assessorato alla Cultura, con il contributo della presidenza dell\u2019Ars, si svolger\u00e0 gioved\u00ec 17 e venerd\u00ec 18 la terza edizione del Capo Peloro Fest 2017, organizzata dalla Pro Loco Capo Peloro. Sette band, cinema, artisti di strada, trenta tra artigiani, pittori e fotografi, quattro punti di ristoro, dirette [&hellip;]<\/p>\n","protected":false},"author":2,"featured_media":2964,"comment_status":"closed","ping_status":"open","sticky":false,"template":"","format":"standard","meta":{"ub_ctt_via":"","_mi_skip_tracking":false},"categories":[10],"tags":[],"featured_image_src":"https:\/\/www.messinaoggi.it\/website\/wp-content\/uploads\/2017\/06\/riviera-nord-con-vista-pilone-capo-peloro-2.jpg","author_info":{"display_name":"Redazione","author_link":"https:\/\/www.messinaoggi.it\/website\/author\/redazione\/"},"digistream_id":0,"digistream":false,"_links":{"self":[{"href":"https:\/\/www.messinaoggi.it\/website\/wp-json\/wp\/v2\/posts\/23345"}],"collection":[{"href":"https:\/\/www.messinaoggi.it\/website\/wp-json\/wp\/v2\/posts"}],"about":[{"href":"https:\/\/www.messinaoggi.it\/website\/wp-json\/wp\/v2\/types\/post"}],"author":[{"embeddable":true,"href":"https:\/\/www.messinaoggi.it\/website\/wp-json\/wp\/v2\/users\/2"}],"replies":[{"embeddable":true,"href":"https:\/\/www.messinaoggi.it\/website\/wp-json\/wp\/v2\/comments?post=23345"}],"version-history":[{"count":0,"href":"https:\/\/www.messinaoggi.it\/website\/wp-json\/wp\/v2\/posts\/23345\/revisions"}],"wp:featuredmedia":[{"embeddable":true,"href":"https:\/\/www.messinaoggi.it\/website\/wp-json\/wp\/v2\/media\/2964"}],"wp:attachment":[{"href":"https:\/\/www.messinaoggi.it\/website\/wp-json\/wp\/v2\/media?parent=23345"}],"wp:term":[{"taxonomy":"category","embeddable":true,"href":"https:\/\/www.messinaoggi.it\/website\/wp-json\/wp\/v2\/categories?post=23345"},{"taxonomy":"post_tag","embeddable":true,"href":"https:\/\/www.messinaoggi.it\/website\/wp-json\/wp\/v2\/tags?post=23345"}],"curies":[{"name":"wp","href":"https:\/\/api.w.org\/{rel}","templated":true}]}}