{"id":233413,"date":"2025-03-27T09:44:42","date_gmt":"2025-03-27T08:44:42","guid":{"rendered":"http:\/\/www.messinaoggi.it\/website\/?p=233413"},"modified":"2025-03-28T11:43:54","modified_gmt":"2025-03-28T10:43:54","slug":"acqua-non-potabile-il-comitato-presenta-un-esposto-in-procura-situazione-inammissibile","status":"publish","type":"post","link":"https:\/\/www.messinaoggi.it\/website\/2025\/03\/27\/acqua-non-potabile-il-comitato-presenta-un-esposto-in-procura-situazione-inammissibile\/","title":{"rendered":"Acqua non potabile, il comitato presenta un esposto in Procura: \u201cSituazione inammissibile\u201d"},"content":{"rendered":"\n<p>Dopo la conferenza stampa dello scorso 22 marzo, tenutasi in occasione della Giornata mondiale dell&#8217;acqua, il comitato <strong><em>\u201cVogliamo l\u2019acqua dal rubinetto!\u201d<\/em><\/strong> passa ai fatti: \u00e8 stato infatti formalizzato un esposto alla Procura della Repubblica per la \u201csituazione inammissibile\u201d in cui versa Messina sul fronte idrico. <div id=\"div-gpt-ad-Messinaoggi.it-DSK-300x250-corpoart\" style=\"text-align:center;margin:0 auto;\"><\/div><\/p>\n\n\n\n<p>La citt\u00e0, ricordano i promotori, da quasi sette mesi \u00e8 interessata da un\u2019ordinanza sindacale che dichiara l\u2019acqua non potabile.<div id=\"videoincontent\" style=\"clear:both\";><\/div><\/p>\n\n\n\n<p>\u201cCi lascia sbigottiti \u2013 afferma il comitato \u2013 il fatto che il sindaco Basile e l\u2019assessore Careri riducano una vicenda cos\u00ec grave a semplice questione burocratica, invece di spiegare il perch\u00e9 di tale assurdit\u00e0 e perch\u00e9, dopo tanto tempo, non arrivi il parere d\u2019idoneit\u00e0 dell\u2019Asp\u201d. <\/p>\n\n\n\n<p>Anche se tale parere dovesse giungere, sottolineano, \u201cnon sarebbe certo retroattivo e non sanerebbe il fatto che per mesi i cittadini hanno avuto acqua non idonea\u201d.<\/p>\n\n\n\n<h2>I dati arrivano (in parte), ma non bastano<\/h2>\n\n\n\n<p>Nel frattempo, l\u2019iniziativa del comitato ha avuto il merito di \u201csbloccare miracolosamente\u201d le richieste di accesso agli atti rivolte all\u2019Amam. <\/p>\n\n\n\n<p>\u201cProprio ieri \u2013 fanno sapere \u2013 l\u2019azienda ci ha inviato i dati sulla qualit\u00e0 dell\u2019acqua delle fonti di Fiumefreddo e Santissima, ma non possiamo ritenerci soddisfatti: i dati non sono ancora pubblicati sul sito ufficiale, come invece previsto per legge, e le informazioni trasmesse sono parziali, visto che i parametri microbiologici e chimici previsti dalla normativa occupano sei pagine, contro la paginetta e mezza che ci \u00e8 stata inviata\u201d.<\/p>\n\n\n\n<p>Il comitato ha richiesto un incontro urgente all\u2019Asp, che sar\u00e0 accompagnato da un sit-in di protesta davanti alla sede dell\u2019azienda sanitaria di via La Farina. L\u2019obiettivo \u00e8 ottenere un quadro pi\u00f9 completo sulla qualit\u00e0 dell\u2019acqua in tutta la rete cittadina, inclusi i pozzi di Briga e i livelli di arsenico nella zona di Contesse.<\/p>\n\n\n\n<h2>ARERA risponde: Amam in ritardo con i dati<\/h2>\n\n\n\n<p>Il comitato ha ricevuto risposta anche da ARERA, l\u2019Autorit\u00e0 di regolazione per energia, reti e ambiente. L\u2019ente ha confermato che Amam ha trasmesso in ritardo i propri dati, perdendo cos\u00ec la possibilit\u00e0 di accedere a meccanismi di premialit\u00e0\/penalit\u00e0. <\/p>\n\n\n\n<p>\u201cARERA \u2013 affermano \u2013 ci ha inoltre trasmesso gli ultimi dati ricevuti da Amam, da cui emergono criticit\u00e0 gi\u00e0 note nella gestione del servizio idrico integrato messinese\u201d.<\/p>\n\n\n\n<p>Nel mirino dell\u2019Autorit\u00e0 anche l\u2019Assemblea Territoriale Idrica dei comuni del messinese, diffidata per non aver inviato i dati richiesti: <\/p>\n\n\n\n<p>\u201cSembra essere un vizio ricorrente per chi gestisce l\u2019acqua a Messina\u201d, commentano con amarezza dal comitato.<\/p>\n\n\n\n<h2>Nuova mobilitazione in arrivo<\/h2>\n\n\n\n<p>Il comitato annuncia una nuova fase di mobilitazione: <\/p>\n\n\n\n<p>\u201cOltre alle interlocuzioni con le autorit\u00e0 competenti, punteremo a coinvolgere tutta la cittadinanza per difendere il diritto fondamentale ad avere l\u2019acqua H24, potabile, pulita e pubblica!\u201d. <\/p>\n\n\n\n<p>L\u2019obiettivo resta quello di fare pressione sulle istituzioni locali e regionali affinch\u00e9 venga garantita trasparenza, sicurezza e accessibilit\u00e0 al bene pi\u00f9 prezioso.<\/p>\n","protected":false},"excerpt":{"rendered":"<p>Dopo la conferenza stampa dello scorso 22 marzo, tenutasi in occasione della Giornata mondiale dell&#8217;acqua, il comitato \u201cVogliamo l\u2019acqua dal rubinetto!\u201d passa ai fatti: \u00e8 stato infatti formalizzato un esposto alla Procura della Repubblica per la \u201csituazione inammissibile\u201d in cui versa Messina sul fronte idrico. La citt\u00e0, ricordano i promotori, da quasi sette mesi \u00e8 [&hellip;]<\/p>\n","protected":false},"author":15,"featured_media":152421,"comment_status":"open","ping_status":"open","sticky":false,"template":"","format":"standard","meta":{"ub_ctt_via":"","_mi_skip_tracking":false},"categories":[4,6],"tags":[95,8089,8313,10737],"featured_image_src":"https:\/\/www.messinaoggi.it\/website\/wp-content\/uploads\/2023\/04\/acqua-rubinetto-3-2-420x252-1.jpg","author_info":{"display_name":"red.me","author_link":"https:\/\/www.messinaoggi.it\/website\/author\/red-me\/"},"digistream_id":0,"digistream":false,"_links":{"self":[{"href":"https:\/\/www.messinaoggi.it\/website\/wp-json\/wp\/v2\/posts\/233413"}],"collection":[{"href":"https:\/\/www.messinaoggi.it\/website\/wp-json\/wp\/v2\/posts"}],"about":[{"href":"https:\/\/www.messinaoggi.it\/website\/wp-json\/wp\/v2\/types\/post"}],"author":[{"embeddable":true,"href":"https:\/\/www.messinaoggi.it\/website\/wp-json\/wp\/v2\/users\/15"}],"replies":[{"embeddable":true,"href":"https:\/\/www.messinaoggi.it\/website\/wp-json\/wp\/v2\/comments?post=233413"}],"version-history":[{"count":3,"href":"https:\/\/www.messinaoggi.it\/website\/wp-json\/wp\/v2\/posts\/233413\/revisions"}],"predecessor-version":[{"id":233416,"href":"https:\/\/www.messinaoggi.it\/website\/wp-json\/wp\/v2\/posts\/233413\/revisions\/233416"}],"wp:featuredmedia":[{"embeddable":true,"href":"https:\/\/www.messinaoggi.it\/website\/wp-json\/wp\/v2\/media\/152421"}],"wp:attachment":[{"href":"https:\/\/www.messinaoggi.it\/website\/wp-json\/wp\/v2\/media?parent=233413"}],"wp:term":[{"taxonomy":"category","embeddable":true,"href":"https:\/\/www.messinaoggi.it\/website\/wp-json\/wp\/v2\/categories?post=233413"},{"taxonomy":"post_tag","embeddable":true,"href":"https:\/\/www.messinaoggi.it\/website\/wp-json\/wp\/v2\/tags?post=233413"}],"curies":[{"name":"wp","href":"https:\/\/api.w.org\/{rel}","templated":true}]}}