{"id":233409,"date":"2025-03-27T09:33:16","date_gmt":"2025-03-27T08:33:16","guid":{"rendered":"http:\/\/www.messinaoggi.it\/website\/?p=233409"},"modified":"2025-03-27T09:33:24","modified_gmt":"2025-03-27T08:33:24","slug":"unime-progetto-ego-polis-il-dibattito-su-trump-europa-e-contesto-internazionale","status":"publish","type":"post","link":"https:\/\/www.messinaoggi.it\/website\/2025\/03\/27\/unime-progetto-ego-polis-il-dibattito-su-trump-europa-e-contesto-internazionale\/","title":{"rendered":"Unime, Progetto EGO&#8217;-POLIS: il dibattito su Trump, Europa e contesto internazionale"},"content":{"rendered":"\n<p>Nella giornata di ieri il Dipartimento di Scienze Politiche e Giuridiche dell\u2019Universit\u00e0 di Messina ha ospitato il primo appuntamento del ciclo di conferenze <strong>EGO\u2019-POLIS<\/strong>, organizzato dall\u2019associazione universitaria <strong>Astra<\/strong> e dall\u2019Ateneo di Messina precisamente presso il Dipartimento di Scienze Politiche e Giuridiche. <div id=\"div-gpt-ad-Messinaoggi.it-DSK-300x250-corpoart\" style=\"text-align:center;margin:0 auto;\"><\/div><\/p>\n\n\n\n<p>Il ciclo di eventi, ideato e curato dal Dott. <strong>Kevin Bonasera<\/strong>, ha l&#8217;obiettivo di stimolare un dibattito su temi rilevanti a livello nazionale e internazionale. L\u2019incontro, svoltosi nell\u2019aula Campagna, ha visto la partecipazione di docenti di prestigio, che hanno offerto diverse prospettive sul tema centrale della giornata. <div id=\"videoincontent\" style=\"clear:both\";><\/div><\/p>\n\n\n\n<p>I relatori intervenuti sono stati: <\/p>\n\n\n\n<p>\u2022 Prof. Morelli, Direttore del Dipartimento di Diritto Costituzionale e Pubblico; <\/p>\n\n\n\n<p>\u2022 Prof. Caroniti, docente di Storia del Pensiero Politico; \u2022 Prof. Limosani, docente di Politica Economica; <\/p>\n\n\n\n<p>\u2022 Prof. Millemaci, docente di Politica Economica e Monetaria. <\/p>\n\n\n\n<p>L\u2019introduzione dei lavori \u00e8 stata affidata alla Senatrice Accademica <strong>Nadia Di Maria<\/strong>, che ha presentato gli obiettivi del progetto EGO\u2019-POLIS, seguita dallo studente <strong>Samuel Patti<\/strong>, moderatore dell\u2019incontro, il quale ha introdotto i temi da discutere con i relatori e la platea. <\/p>\n\n\n\n<p>Il focus del dibattito ha riguardato le implicazioni internazionali della rielezione di <strong>Donald Trump<\/strong>, il ruolo degli Stati Uniti nel contesto dei conflitti globali (Russia-Ucraina, Medio Oriente) e il rapporto a tratti turbolento con l\u2019Europa. Si \u00e8 anche discusso del futuro della politica di riarmo europeo. <\/p>\n\n\n\n<p>Il Prof. Morelli, con entusiasmo, ha avviato il dibattito analizzando la questione dal punto di vista costituzionalista, offrendo un&#8217;interpretazione chiara delle dinamiche politiche che hanno condotto alla rielezione di Trump, e sollevando alcune criticit\u00e0 costituzionali, americane, di rilievo. <\/p>\n\n\n\n<p>Il Prof. Caroniti ha fornito un\u2019attenta analisi storica e costituzionale, ripercorrendo le tappe significative della storia istituzionale americana, citando la Dichiarazione dei Diritti dell\u2019Uomo e richiamando eventi cruciali come i moti del 1848, ponendo in relazione la storia istituzionale degli Stati Uniti con quella europea. <\/p>\n\n\n\n<p>Il Prof. Limosani ha approfondito le dinamiche economiche globali, evidenziando la crescente influenza dell\u2019Indocina sulle produzioni commerciali e la necessit\u00e0 di una maggiore collaborazione economica italiana e europea per mantenere la competitivit\u00e0 globale. <\/p>\n\n\n\n<p>Il Prof. Millemaci ha concluso il dibattito con un\u2019analisi sugli accordi internazionali sui dazi, riflettendo sulle implicazioni economiche e politiche delle relazioni commerciali tra potenze economiche globali. <\/p>\n\n\n\n<p>Il dibattito \u00e8 stato arricchito dalle domande e riflessioni dei numerosi studenti, dottorandi e docenti presenti, che hanno manifestato grande interesse per i temi trattati. <\/p>\n\n\n\n<p>Il ciclo EGO\u2019-POLIS proseguir\u00e0 con il secondo incontro, previsto per il mese di aprile, dal titolo &#8220;Nuove Iniziative Imprenditoriali e Implicazioni Fiscali&#8221;, che coinvolger\u00e0 il Dipartimento di Economia. <\/p>\n\n\n\n<p>A seguire, nel mese di maggio, si terr\u00e0 il seminario &#8220;Carceri e Malagiustizia: il caso Span\u00f2 &#8211; Il pi\u00f9 grande errore della storia giudiziaria italiana&#8221;, con la partecipazione dell\u2019autore del libro omonimo, il giornalista <strong>Giuseppe Messina<\/strong>, e il coinvolgimento del Dipartimento di Giurisprudenza. <\/p>\n\n\n\n<p>Gli studenti dell\u2019associazione Astra ringraziano la numerosa e attenta platea per la partecipazione, sottolineando come l&#8217;Universit\u00e0 sia il luogo ideale per confrontarsi sull\u2019attualit\u00e0 per comprendere meglio il futuro. Un ringraziamento particolare va ai docenti per il loro prezioso contributo e per aver sostenuto fin dall&#8217;inizio questa importante iniziativa.  <\/p>\n","protected":false},"excerpt":{"rendered":"<p>Nella giornata di ieri il Dipartimento di Scienze Politiche e Giuridiche dell\u2019Universit\u00e0 di Messina ha ospitato il primo appuntamento del ciclo di conferenze EGO\u2019-POLIS, organizzato dall\u2019associazione universitaria Astra e dall\u2019Ateneo di Messina precisamente presso il Dipartimento di Scienze Politiche e Giuridiche. Il ciclo di eventi, ideato e curato dal Dott. Kevin Bonasera, ha l&#8217;obiettivo di [&hellip;]<\/p>\n","protected":false},"author":15,"featured_media":233412,"comment_status":"open","ping_status":"open","sticky":false,"template":"","format":"standard","meta":{"ub_ctt_via":"","_mi_skip_tracking":false},"categories":[5,6],"tags":[11410,11408,2362,11409,5655,1713,612],"featured_image_src":"https:\/\/www.messinaoggi.it\/website\/wp-content\/uploads\/2025\/03\/Donald_Trump_53786991212.jpg","author_info":{"display_name":"red.me","author_link":"https:\/\/www.messinaoggi.it\/website\/author\/red-me\/"},"digistream_id":0,"digistream":false,"_links":{"self":[{"href":"https:\/\/www.messinaoggi.it\/website\/wp-json\/wp\/v2\/posts\/233409"}],"collection":[{"href":"https:\/\/www.messinaoggi.it\/website\/wp-json\/wp\/v2\/posts"}],"about":[{"href":"https:\/\/www.messinaoggi.it\/website\/wp-json\/wp\/v2\/types\/post"}],"author":[{"embeddable":true,"href":"https:\/\/www.messinaoggi.it\/website\/wp-json\/wp\/v2\/users\/15"}],"replies":[{"embeddable":true,"href":"https:\/\/www.messinaoggi.it\/website\/wp-json\/wp\/v2\/comments?post=233409"}],"version-history":[{"count":2,"href":"https:\/\/www.messinaoggi.it\/website\/wp-json\/wp\/v2\/posts\/233409\/revisions"}],"predecessor-version":[{"id":233411,"href":"https:\/\/www.messinaoggi.it\/website\/wp-json\/wp\/v2\/posts\/233409\/revisions\/233411"}],"wp:featuredmedia":[{"embeddable":true,"href":"https:\/\/www.messinaoggi.it\/website\/wp-json\/wp\/v2\/media\/233412"}],"wp:attachment":[{"href":"https:\/\/www.messinaoggi.it\/website\/wp-json\/wp\/v2\/media?parent=233409"}],"wp:term":[{"taxonomy":"category","embeddable":true,"href":"https:\/\/www.messinaoggi.it\/website\/wp-json\/wp\/v2\/categories?post=233409"},{"taxonomy":"post_tag","embeddable":true,"href":"https:\/\/www.messinaoggi.it\/website\/wp-json\/wp\/v2\/tags?post=233409"}],"curies":[{"name":"wp","href":"https:\/\/api.w.org\/{rel}","templated":true}]}}